{"id":9294,"date":"2024-05-17T15:44:59","date_gmt":"2024-05-17T15:44:59","guid":{"rendered":"https:\/\/unisale.com.br\/pastoral\/?p=9294"},"modified":"2024-05-17T15:44:59","modified_gmt":"2024-05-17T15:44:59","slug":"25-05-deixai-vir-a-mim-as-criancas","status":"publish","type":"post","link":"https:\/\/unisale.com.br\/pastoral\/25-05-deixai-vir-a-mim-as-criancas\/","title":{"rendered":"25\/05 &#8211; Deixai vir a mim as crian\u00e7as."},"content":{"rendered":"<p>S\u00e1bado, 25 de maio de 2024.<\/p>\n<p>&nbsp;<\/p>\n<p>Evangelho (Mc 10,13-16)<\/p>\n<p>&nbsp;<\/p>\n<p><strong>\u201cDeixai vir a mim as crian\u00e7as\u201d<\/strong><\/p>\n<p>&nbsp;<\/p>\n<p>Naquele tempo, <sup>13<\/sup>traziam crian\u00e7as para que Jesus as tocasse. Mas os disc\u00edpulos as repreendiam. <sup>14<\/sup>Vendo isso, Jesus se aborreceu e disse: \u201cDeixai vir a mim as crian\u00e7as. N\u00e3o as proibais, porque o Reino de Deus \u00e9 dos que s\u00e3o como elas. <sup>15<\/sup>Em verdade vos digo: quem n\u00e3o receber o Reino de Deus como uma crian\u00e7a, n\u00e3o entrar\u00e1 nele\u201d. <sup>16<\/sup>Ele abra\u00e7ava as crian\u00e7as e as aben\u00e7oava, impondo-lhes as m\u00e3os.<\/p>\n<p>&nbsp;<\/p>\n<p><strong>Reflex\u00e3o<\/strong><\/p>\n<p>&nbsp;<\/p>\n<p>Uma crian\u00e7a \u00e9 o in\u00edcio natural de uma vida. Ser \u201ccomo uma crian\u00e7a\u201d \u00e9 o esfor\u00e7o e o objetivo da vida, at\u00e9 o fim da vida. Mas se nos esfor\u00e7amos para atingir este objetivo, \u00e9 importante que saibamos quais as caracter\u00edsticas de uma crian\u00e7a que podem servir como exemplo de virtude. Em primeiro lugar a crian\u00e7a \u00e9 consciente que deve crescer. Quando d\u00e1 os primeiros passos se coloca de p\u00e9, e durante toda a inf\u00e2ncia procura demonstrar que j\u00e1 \u00e9 \u201cgrande\u201d. Uma coisa semelhante tamb\u00e9m acontece na vida espiritual. Na vida f\u00edsica se cresce somente at\u00e9 a juventude. Na vida espiritual precisa crescer sempre, porque a gra\u00e7a de Deus n\u00e3o tem medida: ela \u00e9 infinita. A crian\u00e7a que perdeu a confian\u00e7a nos pais e nos amigos, perdeu a inf\u00e2ncia, e quem sabe a sua vida termine tragicamente. Tamb\u00e9m as crian\u00e7as brigam com os colegas, mas no final resolvem a briga dizendo: contarei ao meu pai ou a minha m\u00e3e! \u00c9 a f\u00e9 capaz de pacificar os conflitos. Tamb\u00e9m os adultos conservam a confian\u00e7a em rela\u00e7\u00e3o aos outros, se tem a confian\u00e7a que sobre todas as disc\u00f3rdias e conflitos existe um Pai nos c\u00e9us, e sem a sua vontade ningu\u00e9m poder\u00e1 tocar nem mesmo em um fio de seu cabelo. Nenhum homem \u00e9 uma ilha: esta convic\u00e7\u00e3o \u00e9 necess\u00e1ria para crescer na Igreja, que \u00e9 comunh\u00e3o dos santos. Se, sabemos que \u00e9 dif\u00edcil conservar a confian\u00e7a nos homens depois de tantas amargas desilus\u00f5es e tristes experi\u00eancias, mas Deus nos proteger\u00e1 contra aqueles que desejam nos fazer mal, e nos enviar\u00e1 aqueles que nos ajudar\u00e3o e nos consolar\u00e3o. E os mensageiros de Deus merecem confian\u00e7a. Na inf\u00e2ncia a pr\u00f3pria natureza impele o pequeno homem a haver uma rela\u00e7\u00e3o muito concreta com aqueles que o circundam. Se esta postura \u00e9 consciente, a chamamos de sabedoria. A sabedoria terra \u00e9 quando buscamos aquilo que pode servir para a nossa vida concreta e \u00e0 nossa felicidade. O crist\u00e3o s\u00e1bio \u00e9 aquele que procura tudo o que pode servir para melhorar o seu conhecimento sobre Deus e, portanto, sobre a vida eterna. \u00c9 importante que conservemos at\u00e9 na velhice a docilidade de juventude.<\/p>\n<p><strong>Pe. Paulo Eduardo J\u00e1como, SDB.<\/strong><\/p>\n","protected":false},"excerpt":{"rendered":"<p>S\u00e1bado, 25 de maio de 2024. &nbsp; Evangelho (Mc 10,13-16) &nbsp; \u201cDeixai vir a mim as crian\u00e7as\u201d &nbsp; Naquele tempo, 13traziam crian\u00e7as para que Jesus&#8230;<\/p>\n","protected":false},"author":1,"featured_media":9296,"comment_status":"closed","ping_status":"closed","sticky":false,"template":"","format":"standard","meta":{"_acf_changed":false,"footnotes":""},"categories":[13],"tags":[],"class_list":["post-9294","post","type-post","status-publish","format-standard","has-post-thumbnail","hentry","category-reflexaodoevagelho"],"acf":[],"yoast_head":"<!-- This site is optimized with the Yoast SEO plugin v27.3 - https:\/\/yoast.com\/product\/yoast-seo-wordpress\/ -->\n<title>25\/05 - Deixai vir a mim as crian\u00e7as. - Pastoral Universit\u00e1ria UniSALESIANO<\/title>\n<meta name=\"robots\" content=\"index, follow, max-snippet:-1, max-image-preview:large, max-video-preview:-1\" \/>\n<link rel=\"canonical\" href=\"https:\/\/unisale.com.br\/novo\/25-05-deixai-vir-a-mim-as-criancas\/\" \/>\n<meta property=\"og:locale\" content=\"pt_BR\" \/>\n<meta property=\"og:type\" content=\"article\" \/>\n<meta property=\"og:title\" content=\"25\/05 - Deixai vir a mim as crian\u00e7as. - Pastoral Universit\u00e1ria UniSALESIANO\" \/>\n<meta property=\"og:description\" content=\"S\u00e1bado, 25 de maio de 2024. &nbsp; Evangelho (Mc 10,13-16) &nbsp; \u201cDeixai vir a mim as crian\u00e7as\u201d &nbsp; Naquele tempo, 13traziam crian\u00e7as para que Jesus...\" \/>\n<meta property=\"og:url\" content=\"https:\/\/unisale.com.br\/novo\/25-05-deixai-vir-a-mim-as-criancas\/\" \/>\n<meta property=\"og:site_name\" content=\"Pastoral Universit\u00e1ria UniSALESIANO\" \/>\n<meta property=\"article:published_time\" content=\"2024-05-17T15:44:59+00:00\" \/>\n<meta name=\"author\" content=\"pastoral\" \/>\n<meta name=\"twitter:card\" content=\"summary_large_image\" \/>\n<meta name=\"twitter:label1\" content=\"Escrito por\" \/>\n\t<meta name=\"twitter:data1\" content=\"pastoral\" \/>\n\t<meta name=\"twitter:label2\" content=\"Est. tempo de leitura\" \/>\n\t<meta name=\"twitter:data2\" content=\"2 minutos\" \/>\n<script type=\"application\/ld+json\" class=\"yoast-schema-graph\">{\"@context\":\"https:\\\/\\\/schema.org\",\"@graph\":[{\"@type\":\"Article\",\"@id\":\"https:\\\/\\\/unisale.com.br\\\/novo\\\/25-05-deixai-vir-a-mim-as-criancas\\\/#article\",\"isPartOf\":{\"@id\":\"https:\\\/\\\/unisale.com.br\\\/novo\\\/25-05-deixai-vir-a-mim-as-criancas\\\/\"},\"author\":{\"name\":\"pastoral\",\"@id\":\"https:\\\/\\\/unisale.com.br\\\/pastoral\\\/#\\\/schema\\\/person\\\/a16ba711a0f7dec9cb6b44563144d5a3\"},\"headline\":\"25\\\/05 &#8211; Deixai vir a mim as crian\u00e7as.\",\"datePublished\":\"2024-05-17T15:44:59+00:00\",\"mainEntityOfPage\":{\"@id\":\"https:\\\/\\\/unisale.com.br\\\/novo\\\/25-05-deixai-vir-a-mim-as-criancas\\\/\"},\"wordCount\":497,\"image\":{\"@id\":\"https:\\\/\\\/unisale.com.br\\\/novo\\\/25-05-deixai-vir-a-mim-as-criancas\\\/#primaryimage\"},\"thumbnailUrl\":\"https:\\\/\\\/unisale.com.br\\\/pastoral\\\/wp-content\\\/uploads\\\/2024\\\/05\\\/download-4.jpeg\",\"articleSection\":[\"Reflex\u00e3o do Evangelho\"],\"inLanguage\":\"pt-BR\"},{\"@type\":\"WebPage\",\"@id\":\"https:\\\/\\\/unisale.com.br\\\/novo\\\/25-05-deixai-vir-a-mim-as-criancas\\\/\",\"url\":\"https:\\\/\\\/unisale.com.br\\\/novo\\\/25-05-deixai-vir-a-mim-as-criancas\\\/\",\"name\":\"25\\\/05 - Deixai vir a mim as crian\u00e7as. - Pastoral Universit\u00e1ria UniSALESIANO\",\"isPartOf\":{\"@id\":\"https:\\\/\\\/unisale.com.br\\\/pastoral\\\/#website\"},\"primaryImageOfPage\":{\"@id\":\"https:\\\/\\\/unisale.com.br\\\/novo\\\/25-05-deixai-vir-a-mim-as-criancas\\\/#primaryimage\"},\"image\":{\"@id\":\"https:\\\/\\\/unisale.com.br\\\/novo\\\/25-05-deixai-vir-a-mim-as-criancas\\\/#primaryimage\"},\"thumbnailUrl\":\"https:\\\/\\\/unisale.com.br\\\/pastoral\\\/wp-content\\\/uploads\\\/2024\\\/05\\\/download-4.jpeg\",\"datePublished\":\"2024-05-17T15:44:59+00:00\",\"author\":{\"@id\":\"https:\\\/\\\/unisale.com.br\\\/pastoral\\\/#\\\/schema\\\/person\\\/a16ba711a0f7dec9cb6b44563144d5a3\"},\"inLanguage\":\"pt-BR\",\"potentialAction\":[{\"@type\":\"ReadAction\",\"target\":[\"https:\\\/\\\/unisale.com.br\\\/novo\\\/25-05-deixai-vir-a-mim-as-criancas\\\/\"]}]},{\"@type\":\"ImageObject\",\"inLanguage\":\"pt-BR\",\"@id\":\"https:\\\/\\\/unisale.com.br\\\/novo\\\/25-05-deixai-vir-a-mim-as-criancas\\\/#primaryimage\",\"url\":\"https:\\\/\\\/unisale.com.br\\\/pastoral\\\/wp-content\\\/uploads\\\/2024\\\/05\\\/download-4.jpeg\",\"contentUrl\":\"https:\\\/\\\/unisale.com.br\\\/pastoral\\\/wp-content\\\/uploads\\\/2024\\\/05\\\/download-4.jpeg\",\"width\":284,\"height\":177},{\"@type\":\"WebSite\",\"@id\":\"https:\\\/\\\/unisale.com.br\\\/pastoral\\\/#website\",\"url\":\"https:\\\/\\\/unisale.com.br\\\/pastoral\\\/\",\"name\":\"Pastoral Universit\u00e1ria UniSALESIANO\",\"description\":\"Site da Pastoral Universit\u00e1ria do UniSALESIANO\",\"potentialAction\":[{\"@type\":\"SearchAction\",\"target\":{\"@type\":\"EntryPoint\",\"urlTemplate\":\"https:\\\/\\\/unisale.com.br\\\/pastoral\\\/?s={search_term_string}\"},\"query-input\":{\"@type\":\"PropertyValueSpecification\",\"valueRequired\":true,\"valueName\":\"search_term_string\"}}],\"inLanguage\":\"pt-BR\"},{\"@type\":\"Person\",\"@id\":\"https:\\\/\\\/unisale.com.br\\\/pastoral\\\/#\\\/schema\\\/person\\\/a16ba711a0f7dec9cb6b44563144d5a3\",\"name\":\"pastoral\",\"url\":\"https:\\\/\\\/unisale.com.br\\\/pastoral\\\/author\\\/pastoral\\\/\"}]}<\/script>\n<!-- \/ Yoast SEO plugin. -->","yoast_head_json":{"title":"25\/05 - Deixai vir a mim as crian\u00e7as. - Pastoral Universit\u00e1ria UniSALESIANO","robots":{"index":"index","follow":"follow","max-snippet":"max-snippet:-1","max-image-preview":"max-image-preview:large","max-video-preview":"max-video-preview:-1"},"canonical":"https:\/\/unisale.com.br\/novo\/25-05-deixai-vir-a-mim-as-criancas\/","og_locale":"pt_BR","og_type":"article","og_title":"25\/05 - Deixai vir a mim as crian\u00e7as. - Pastoral Universit\u00e1ria UniSALESIANO","og_description":"S\u00e1bado, 25 de maio de 2024. &nbsp; Evangelho (Mc 10,13-16) &nbsp; \u201cDeixai vir a mim as crian\u00e7as\u201d &nbsp; Naquele tempo, 13traziam crian\u00e7as para que Jesus...","og_url":"https:\/\/unisale.com.br\/novo\/25-05-deixai-vir-a-mim-as-criancas\/","og_site_name":"Pastoral Universit\u00e1ria UniSALESIANO","article_published_time":"2024-05-17T15:44:59+00:00","author":"pastoral","twitter_card":"summary_large_image","twitter_misc":{"Escrito por":"pastoral","Est. tempo de leitura":"2 minutos"},"schema":{"@context":"https:\/\/schema.org","@graph":[{"@type":"Article","@id":"https:\/\/unisale.com.br\/novo\/25-05-deixai-vir-a-mim-as-criancas\/#article","isPartOf":{"@id":"https:\/\/unisale.com.br\/novo\/25-05-deixai-vir-a-mim-as-criancas\/"},"author":{"name":"pastoral","@id":"https:\/\/unisale.com.br\/pastoral\/#\/schema\/person\/a16ba711a0f7dec9cb6b44563144d5a3"},"headline":"25\/05 &#8211; Deixai vir a mim as crian\u00e7as.","datePublished":"2024-05-17T15:44:59+00:00","mainEntityOfPage":{"@id":"https:\/\/unisale.com.br\/novo\/25-05-deixai-vir-a-mim-as-criancas\/"},"wordCount":497,"image":{"@id":"https:\/\/unisale.com.br\/novo\/25-05-deixai-vir-a-mim-as-criancas\/#primaryimage"},"thumbnailUrl":"https:\/\/unisale.com.br\/pastoral\/wp-content\/uploads\/2024\/05\/download-4.jpeg","articleSection":["Reflex\u00e3o do Evangelho"],"inLanguage":"pt-BR"},{"@type":"WebPage","@id":"https:\/\/unisale.com.br\/novo\/25-05-deixai-vir-a-mim-as-criancas\/","url":"https:\/\/unisale.com.br\/novo\/25-05-deixai-vir-a-mim-as-criancas\/","name":"25\/05 - Deixai vir a mim as crian\u00e7as. - Pastoral Universit\u00e1ria UniSALESIANO","isPartOf":{"@id":"https:\/\/unisale.com.br\/pastoral\/#website"},"primaryImageOfPage":{"@id":"https:\/\/unisale.com.br\/novo\/25-05-deixai-vir-a-mim-as-criancas\/#primaryimage"},"image":{"@id":"https:\/\/unisale.com.br\/novo\/25-05-deixai-vir-a-mim-as-criancas\/#primaryimage"},"thumbnailUrl":"https:\/\/unisale.com.br\/pastoral\/wp-content\/uploads\/2024\/05\/download-4.jpeg","datePublished":"2024-05-17T15:44:59+00:00","author":{"@id":"https:\/\/unisale.com.br\/pastoral\/#\/schema\/person\/a16ba711a0f7dec9cb6b44563144d5a3"},"inLanguage":"pt-BR","potentialAction":[{"@type":"ReadAction","target":["https:\/\/unisale.com.br\/novo\/25-05-deixai-vir-a-mim-as-criancas\/"]}]},{"@type":"ImageObject","inLanguage":"pt-BR","@id":"https:\/\/unisale.com.br\/novo\/25-05-deixai-vir-a-mim-as-criancas\/#primaryimage","url":"https:\/\/unisale.com.br\/pastoral\/wp-content\/uploads\/2024\/05\/download-4.jpeg","contentUrl":"https:\/\/unisale.com.br\/pastoral\/wp-content\/uploads\/2024\/05\/download-4.jpeg","width":284,"height":177},{"@type":"WebSite","@id":"https:\/\/unisale.com.br\/pastoral\/#website","url":"https:\/\/unisale.com.br\/pastoral\/","name":"Pastoral Universit\u00e1ria UniSALESIANO","description":"Site da Pastoral Universit\u00e1ria do UniSALESIANO","potentialAction":[{"@type":"SearchAction","target":{"@type":"EntryPoint","urlTemplate":"https:\/\/unisale.com.br\/pastoral\/?s={search_term_string}"},"query-input":{"@type":"PropertyValueSpecification","valueRequired":true,"valueName":"search_term_string"}}],"inLanguage":"pt-BR"},{"@type":"Person","@id":"https:\/\/unisale.com.br\/pastoral\/#\/schema\/person\/a16ba711a0f7dec9cb6b44563144d5a3","name":"pastoral","url":"https:\/\/unisale.com.br\/pastoral\/author\/pastoral\/"}]}},"_links":{"self":[{"href":"https:\/\/unisale.com.br\/pastoral\/wp-json\/wp\/v2\/posts\/9294","targetHints":{"allow":["GET"]}}],"collection":[{"href":"https:\/\/unisale.com.br\/pastoral\/wp-json\/wp\/v2\/posts"}],"about":[{"href":"https:\/\/unisale.com.br\/pastoral\/wp-json\/wp\/v2\/types\/post"}],"author":[{"embeddable":true,"href":"https:\/\/unisale.com.br\/pastoral\/wp-json\/wp\/v2\/users\/1"}],"replies":[{"embeddable":true,"href":"https:\/\/unisale.com.br\/pastoral\/wp-json\/wp\/v2\/comments?post=9294"}],"version-history":[{"count":0,"href":"https:\/\/unisale.com.br\/pastoral\/wp-json\/wp\/v2\/posts\/9294\/revisions"}],"wp:featuredmedia":[{"embeddable":true,"href":"https:\/\/unisale.com.br\/pastoral\/wp-json\/wp\/v2\/media\/9296"}],"wp:attachment":[{"href":"https:\/\/unisale.com.br\/pastoral\/wp-json\/wp\/v2\/media?parent=9294"}],"wp:term":[{"taxonomy":"category","embeddable":true,"href":"https:\/\/unisale.com.br\/pastoral\/wp-json\/wp\/v2\/categories?post=9294"},{"taxonomy":"post_tag","embeddable":true,"href":"https:\/\/unisale.com.br\/pastoral\/wp-json\/wp\/v2\/tags?post=9294"}],"curies":[{"name":"wp","href":"https:\/\/api.w.org\/{rel}","templated":true}]}}