{"id":9301,"date":"2024-05-20T10:34:28","date_gmt":"2024-05-20T10:34:28","guid":{"rendered":"https:\/\/unisale.com.br\/pastoral\/?p=9301"},"modified":"2024-05-20T10:34:28","modified_gmt":"2024-05-20T10:34:28","slug":"26-05-portanto-ide-e-fazei-discipulos-meus-todos-os-povos-batizando-os-em-nome-do-pai-e-do-filho-e-do-espirito-santo","status":"publish","type":"post","link":"https:\/\/unisale.com.br\/pastoral\/26-05-portanto-ide-e-fazei-discipulos-meus-todos-os-povos-batizando-os-em-nome-do-pai-e-do-filho-e-do-espirito-santo\/","title":{"rendered":"26\/05 &#8211; Portanto, ide e fazei disc\u00edpulos meus todos os povos, batizando-os em nome do Pai e do Filho e do Esp\u00edrito Santo&#8230;"},"content":{"rendered":"<p>Domingo, 26 de maio de 2024.<\/p>\n<p>&nbsp;<\/p>\n<p>Evangelho (Mt 28,16-20)<\/p>\n<p>&nbsp;<\/p>\n<p><strong>\u201cPortanto, ide e fazei disc\u00edpulos meus todos os povos, batizando-os em nome do Pai e do Filho e do Esp\u00edrito Santo&#8230;\u201d<\/strong><\/p>\n<p>&nbsp;<\/p>\n<p>Naquele tempo, <sup>16<\/sup>os onze disc\u00edpulos foram para a Galileia, ao monte que Jesus lhes tinha indicado. <sup>17<\/sup>Quando viram Jesus, prostraram-se diante dele. Ainda assim alguns duvidaram. <sup>18<\/sup>Ent\u00e3o Jesus aproximou-se e falou: \u201cToda a autoridade me foi dada no c\u00e9u e sobre a terra. <sup>19<\/sup>Portanto, ide e fazei disc\u00edpulos meus todos os povos, batizando-os em nome do Pai e do Filho e do Esp\u00edrito Santo, <sup>20<\/sup>e ensinando-os a observar tudo o que vos ordenei! Eis que estarei convosco todos os dias, at\u00e9 o fim do mundo\u201d.<\/p>\n<p>&nbsp;<\/p>\n<p><strong>Reflex\u00e3o<\/strong><\/p>\n<p>&nbsp;<\/p>\n<p>\u00c9 preciso dizer que a Ascen\u00e7\u00e3o de Jesus n\u00e3o significa a sua partida definitiva, mas a Sua presen\u00e7a de uma forma diferente no mundo. N\u00f3s mesmos afirmamos: \u201cEle est\u00e1 no meio de n\u00f3s!\u201d. Estas s\u00e3o as \u00faltimas palavras de Jesus no final do Evangelho de Mateus: \u201cEis que eu estarei convosco todos os dias, at\u00e9 o fim do mundo\u201d. Portanto, n\u00e3o existe um dia que Deus esteja ausente. N\u00e3o existe uma situa\u00e7\u00e3o que Jesus se coloque longe de n\u00f3s. Mas o que significa esta presen\u00e7a diferente? Ao longo dos s\u00e9culos muitos fizeram previs\u00f5es a respeito do fim do mundo, tamb\u00e9m nos nossos dias. Alguns at\u00e9 arriscaram a estabelecer datas. Mas Jesus desmente qualquer tentativa deste tipo e ainda declara ser uma arrog\u00e2ncia da nossa parte fazer este tipo de previs\u00e3o. Por\u00e9m, Jesus acrescenta: \u201cRecebereis a for\u00e7a do Espirito Santo que descer\u00e1 sobre v\u00f3s, e sereis minhas testemunhas em Jerusal\u00e9m, em toda a Jud\u00e9ia na Samaria e at\u00e9 nos confins do mundo\u201d. A que compreens\u00e3o nos quer fazer chegar Jesus? Os Ap\u00f3stolos n\u00e3o devem preocupar-se com aquilo que pertence a uma decis\u00e3o de Deus, devem somente tomar consci\u00eancia de que com a Sua Ascens\u00e3o, se d\u00e1 inicio a miss\u00e3o deles. Com a Ascens\u00e3o, Cristo age atrav\u00e9s de n\u00f3s e trabalha a salva\u00e7\u00e3o com a nossa colabora\u00e7\u00e3o. \u00c9 importante tomarmos consci\u00eancia desta maravilhosa voca\u00e7\u00e3o, da voca\u00e7\u00e3o da Igreja. \u00c9 importante que nos perguntemos se nos sentimos ap\u00f3stolos de Cristo, enviados ao mundo pela Sua bondade e pela Sua confian\u00e7a.<\/p>\n<p><strong>Pe. Paulo Eduardo J\u00e1como, SDB.<\/strong><\/p>\n","protected":false},"excerpt":{"rendered":"<p>Domingo, 26 de maio de 2024. &nbsp; Evangelho (Mt 28,16-20) &nbsp; \u201cPortanto, ide e fazei disc\u00edpulos meus todos os povos, batizando-os em nome do Pai&#8230;<\/p>\n","protected":false},"author":1,"featured_media":9302,"comment_status":"closed","ping_status":"closed","sticky":false,"template":"","format":"standard","meta":{"_acf_changed":false,"footnotes":""},"categories":[13],"tags":[],"class_list":["post-9301","post","type-post","status-publish","format-standard","has-post-thumbnail","hentry","category-reflexaodoevagelho"],"acf":[],"yoast_head":"<!-- This site is optimized with the Yoast SEO plugin v27.3 - https:\/\/yoast.com\/product\/yoast-seo-wordpress\/ -->\n<title>26\/05 - Portanto, ide e fazei disc\u00edpulos meus todos os povos, batizando-os em nome do Pai e do Filho e do Esp\u00edrito Santo... - Pastoral Universit\u00e1ria UniSALESIANO<\/title>\n<meta name=\"robots\" content=\"index, follow, max-snippet:-1, max-image-preview:large, max-video-preview:-1\" \/>\n<link rel=\"canonical\" href=\"https:\/\/unisale.com.br\/novo\/26-05-portanto-ide-e-fazei-discipulos-meus-todos-os-povos-batizando-os-em-nome-do-pai-e-do-filho-e-do-espirito-santo\/\" \/>\n<meta property=\"og:locale\" content=\"pt_BR\" \/>\n<meta property=\"og:type\" content=\"article\" \/>\n<meta property=\"og:title\" content=\"26\/05 - Portanto, ide e fazei disc\u00edpulos meus todos os povos, batizando-os em nome do Pai e do Filho e do Esp\u00edrito Santo... - Pastoral Universit\u00e1ria UniSALESIANO\" \/>\n<meta property=\"og:description\" content=\"Domingo, 26 de maio de 2024. &nbsp; Evangelho (Mt 28,16-20) &nbsp; \u201cPortanto, ide e fazei disc\u00edpulos meus todos os povos, batizando-os em nome do Pai...\" \/>\n<meta property=\"og:url\" content=\"https:\/\/unisale.com.br\/novo\/26-05-portanto-ide-e-fazei-discipulos-meus-todos-os-povos-batizando-os-em-nome-do-pai-e-do-filho-e-do-espirito-santo\/\" \/>\n<meta property=\"og:site_name\" content=\"Pastoral Universit\u00e1ria UniSALESIANO\" \/>\n<meta property=\"article:published_time\" content=\"2024-05-20T10:34:28+00:00\" \/>\n<meta name=\"author\" content=\"pastoral\" \/>\n<meta name=\"twitter:card\" content=\"summary_large_image\" \/>\n<meta name=\"twitter:label1\" content=\"Escrito por\" \/>\n\t<meta name=\"twitter:data1\" content=\"pastoral\" \/>\n\t<meta name=\"twitter:label2\" content=\"Est. tempo de leitura\" \/>\n\t<meta name=\"twitter:data2\" content=\"2 minutos\" \/>\n<script type=\"application\/ld+json\" class=\"yoast-schema-graph\">{\"@context\":\"https:\\\/\\\/schema.org\",\"@graph\":[{\"@type\":\"Article\",\"@id\":\"https:\\\/\\\/unisale.com.br\\\/novo\\\/26-05-portanto-ide-e-fazei-discipulos-meus-todos-os-povos-batizando-os-em-nome-do-pai-e-do-filho-e-do-espirito-santo\\\/#article\",\"isPartOf\":{\"@id\":\"https:\\\/\\\/unisale.com.br\\\/novo\\\/26-05-portanto-ide-e-fazei-discipulos-meus-todos-os-povos-batizando-os-em-nome-do-pai-e-do-filho-e-do-espirito-santo\\\/\"},\"author\":{\"name\":\"pastoral\",\"@id\":\"https:\\\/\\\/unisale.com.br\\\/pastoral\\\/#\\\/schema\\\/person\\\/a16ba711a0f7dec9cb6b44563144d5a3\"},\"headline\":\"26\\\/05 &#8211; Portanto, ide e fazei disc\u00edpulos meus todos os povos, batizando-os em nome do Pai e do Filho e do Esp\u00edrito Santo&#8230;\",\"datePublished\":\"2024-05-20T10:34:28+00:00\",\"mainEntityOfPage\":{\"@id\":\"https:\\\/\\\/unisale.com.br\\\/novo\\\/26-05-portanto-ide-e-fazei-discipulos-meus-todos-os-povos-batizando-os-em-nome-do-pai-e-do-filho-e-do-espirito-santo\\\/\"},\"wordCount\":439,\"image\":{\"@id\":\"https:\\\/\\\/unisale.com.br\\\/novo\\\/26-05-portanto-ide-e-fazei-discipulos-meus-todos-os-povos-batizando-os-em-nome-do-pai-e-do-filho-e-do-espirito-santo\\\/#primaryimage\"},\"thumbnailUrl\":\"https:\\\/\\\/unisale.com.br\\\/pastoral\\\/wp-content\\\/uploads\\\/2024\\\/05\\\/2016_12_missao_discipulos-900x606-1.jpg\",\"articleSection\":[\"Reflex\u00e3o do Evangelho\"],\"inLanguage\":\"pt-BR\"},{\"@type\":\"WebPage\",\"@id\":\"https:\\\/\\\/unisale.com.br\\\/novo\\\/26-05-portanto-ide-e-fazei-discipulos-meus-todos-os-povos-batizando-os-em-nome-do-pai-e-do-filho-e-do-espirito-santo\\\/\",\"url\":\"https:\\\/\\\/unisale.com.br\\\/novo\\\/26-05-portanto-ide-e-fazei-discipulos-meus-todos-os-povos-batizando-os-em-nome-do-pai-e-do-filho-e-do-espirito-santo\\\/\",\"name\":\"26\\\/05 - Portanto, ide e fazei disc\u00edpulos meus todos os povos, batizando-os em nome do Pai e do Filho e do Esp\u00edrito Santo... - Pastoral Universit\u00e1ria UniSALESIANO\",\"isPartOf\":{\"@id\":\"https:\\\/\\\/unisale.com.br\\\/pastoral\\\/#website\"},\"primaryImageOfPage\":{\"@id\":\"https:\\\/\\\/unisale.com.br\\\/novo\\\/26-05-portanto-ide-e-fazei-discipulos-meus-todos-os-povos-batizando-os-em-nome-do-pai-e-do-filho-e-do-espirito-santo\\\/#primaryimage\"},\"image\":{\"@id\":\"https:\\\/\\\/unisale.com.br\\\/novo\\\/26-05-portanto-ide-e-fazei-discipulos-meus-todos-os-povos-batizando-os-em-nome-do-pai-e-do-filho-e-do-espirito-santo\\\/#primaryimage\"},\"thumbnailUrl\":\"https:\\\/\\\/unisale.com.br\\\/pastoral\\\/wp-content\\\/uploads\\\/2024\\\/05\\\/2016_12_missao_discipulos-900x606-1.jpg\",\"datePublished\":\"2024-05-20T10:34:28+00:00\",\"author\":{\"@id\":\"https:\\\/\\\/unisale.com.br\\\/pastoral\\\/#\\\/schema\\\/person\\\/a16ba711a0f7dec9cb6b44563144d5a3\"},\"inLanguage\":\"pt-BR\",\"potentialAction\":[{\"@type\":\"ReadAction\",\"target\":[\"https:\\\/\\\/unisale.com.br\\\/novo\\\/26-05-portanto-ide-e-fazei-discipulos-meus-todos-os-povos-batizando-os-em-nome-do-pai-e-do-filho-e-do-espirito-santo\\\/\"]}]},{\"@type\":\"ImageObject\",\"inLanguage\":\"pt-BR\",\"@id\":\"https:\\\/\\\/unisale.com.br\\\/novo\\\/26-05-portanto-ide-e-fazei-discipulos-meus-todos-os-povos-batizando-os-em-nome-do-pai-e-do-filho-e-do-espirito-santo\\\/#primaryimage\",\"url\":\"https:\\\/\\\/unisale.com.br\\\/pastoral\\\/wp-content\\\/uploads\\\/2024\\\/05\\\/2016_12_missao_discipulos-900x606-1.jpg\",\"contentUrl\":\"https:\\\/\\\/unisale.com.br\\\/pastoral\\\/wp-content\\\/uploads\\\/2024\\\/05\\\/2016_12_missao_discipulos-900x606-1.jpg\",\"width\":743,\"height\":500},{\"@type\":\"WebSite\",\"@id\":\"https:\\\/\\\/unisale.com.br\\\/pastoral\\\/#website\",\"url\":\"https:\\\/\\\/unisale.com.br\\\/pastoral\\\/\",\"name\":\"Pastoral Universit\u00e1ria UniSALESIANO\",\"description\":\"Site da Pastoral Universit\u00e1ria do UniSALESIANO\",\"potentialAction\":[{\"@type\":\"SearchAction\",\"target\":{\"@type\":\"EntryPoint\",\"urlTemplate\":\"https:\\\/\\\/unisale.com.br\\\/pastoral\\\/?s={search_term_string}\"},\"query-input\":{\"@type\":\"PropertyValueSpecification\",\"valueRequired\":true,\"valueName\":\"search_term_string\"}}],\"inLanguage\":\"pt-BR\"},{\"@type\":\"Person\",\"@id\":\"https:\\\/\\\/unisale.com.br\\\/pastoral\\\/#\\\/schema\\\/person\\\/a16ba711a0f7dec9cb6b44563144d5a3\",\"name\":\"pastoral\",\"url\":\"https:\\\/\\\/unisale.com.br\\\/pastoral\\\/author\\\/pastoral\\\/\"}]}<\/script>\n<!-- \/ Yoast SEO plugin. -->","yoast_head_json":{"title":"26\/05 - Portanto, ide e fazei disc\u00edpulos meus todos os povos, batizando-os em nome do Pai e do Filho e do Esp\u00edrito Santo... - Pastoral Universit\u00e1ria UniSALESIANO","robots":{"index":"index","follow":"follow","max-snippet":"max-snippet:-1","max-image-preview":"max-image-preview:large","max-video-preview":"max-video-preview:-1"},"canonical":"https:\/\/unisale.com.br\/novo\/26-05-portanto-ide-e-fazei-discipulos-meus-todos-os-povos-batizando-os-em-nome-do-pai-e-do-filho-e-do-espirito-santo\/","og_locale":"pt_BR","og_type":"article","og_title":"26\/05 - Portanto, ide e fazei disc\u00edpulos meus todos os povos, batizando-os em nome do Pai e do Filho e do Esp\u00edrito Santo... - Pastoral Universit\u00e1ria UniSALESIANO","og_description":"Domingo, 26 de maio de 2024. &nbsp; Evangelho (Mt 28,16-20) &nbsp; \u201cPortanto, ide e fazei disc\u00edpulos meus todos os povos, batizando-os em nome do Pai...","og_url":"https:\/\/unisale.com.br\/novo\/26-05-portanto-ide-e-fazei-discipulos-meus-todos-os-povos-batizando-os-em-nome-do-pai-e-do-filho-e-do-espirito-santo\/","og_site_name":"Pastoral Universit\u00e1ria UniSALESIANO","article_published_time":"2024-05-20T10:34:28+00:00","author":"pastoral","twitter_card":"summary_large_image","twitter_misc":{"Escrito por":"pastoral","Est. tempo de leitura":"2 minutos"},"schema":{"@context":"https:\/\/schema.org","@graph":[{"@type":"Article","@id":"https:\/\/unisale.com.br\/novo\/26-05-portanto-ide-e-fazei-discipulos-meus-todos-os-povos-batizando-os-em-nome-do-pai-e-do-filho-e-do-espirito-santo\/#article","isPartOf":{"@id":"https:\/\/unisale.com.br\/novo\/26-05-portanto-ide-e-fazei-discipulos-meus-todos-os-povos-batizando-os-em-nome-do-pai-e-do-filho-e-do-espirito-santo\/"},"author":{"name":"pastoral","@id":"https:\/\/unisale.com.br\/pastoral\/#\/schema\/person\/a16ba711a0f7dec9cb6b44563144d5a3"},"headline":"26\/05 &#8211; Portanto, ide e fazei disc\u00edpulos meus todos os povos, batizando-os em nome do Pai e do Filho e do Esp\u00edrito Santo&#8230;","datePublished":"2024-05-20T10:34:28+00:00","mainEntityOfPage":{"@id":"https:\/\/unisale.com.br\/novo\/26-05-portanto-ide-e-fazei-discipulos-meus-todos-os-povos-batizando-os-em-nome-do-pai-e-do-filho-e-do-espirito-santo\/"},"wordCount":439,"image":{"@id":"https:\/\/unisale.com.br\/novo\/26-05-portanto-ide-e-fazei-discipulos-meus-todos-os-povos-batizando-os-em-nome-do-pai-e-do-filho-e-do-espirito-santo\/#primaryimage"},"thumbnailUrl":"https:\/\/unisale.com.br\/pastoral\/wp-content\/uploads\/2024\/05\/2016_12_missao_discipulos-900x606-1.jpg","articleSection":["Reflex\u00e3o do Evangelho"],"inLanguage":"pt-BR"},{"@type":"WebPage","@id":"https:\/\/unisale.com.br\/novo\/26-05-portanto-ide-e-fazei-discipulos-meus-todos-os-povos-batizando-os-em-nome-do-pai-e-do-filho-e-do-espirito-santo\/","url":"https:\/\/unisale.com.br\/novo\/26-05-portanto-ide-e-fazei-discipulos-meus-todos-os-povos-batizando-os-em-nome-do-pai-e-do-filho-e-do-espirito-santo\/","name":"26\/05 - Portanto, ide e fazei disc\u00edpulos meus todos os povos, batizando-os em nome do Pai e do Filho e do Esp\u00edrito Santo... - Pastoral Universit\u00e1ria UniSALESIANO","isPartOf":{"@id":"https:\/\/unisale.com.br\/pastoral\/#website"},"primaryImageOfPage":{"@id":"https:\/\/unisale.com.br\/novo\/26-05-portanto-ide-e-fazei-discipulos-meus-todos-os-povos-batizando-os-em-nome-do-pai-e-do-filho-e-do-espirito-santo\/#primaryimage"},"image":{"@id":"https:\/\/unisale.com.br\/novo\/26-05-portanto-ide-e-fazei-discipulos-meus-todos-os-povos-batizando-os-em-nome-do-pai-e-do-filho-e-do-espirito-santo\/#primaryimage"},"thumbnailUrl":"https:\/\/unisale.com.br\/pastoral\/wp-content\/uploads\/2024\/05\/2016_12_missao_discipulos-900x606-1.jpg","datePublished":"2024-05-20T10:34:28+00:00","author":{"@id":"https:\/\/unisale.com.br\/pastoral\/#\/schema\/person\/a16ba711a0f7dec9cb6b44563144d5a3"},"inLanguage":"pt-BR","potentialAction":[{"@type":"ReadAction","target":["https:\/\/unisale.com.br\/novo\/26-05-portanto-ide-e-fazei-discipulos-meus-todos-os-povos-batizando-os-em-nome-do-pai-e-do-filho-e-do-espirito-santo\/"]}]},{"@type":"ImageObject","inLanguage":"pt-BR","@id":"https:\/\/unisale.com.br\/novo\/26-05-portanto-ide-e-fazei-discipulos-meus-todos-os-povos-batizando-os-em-nome-do-pai-e-do-filho-e-do-espirito-santo\/#primaryimage","url":"https:\/\/unisale.com.br\/pastoral\/wp-content\/uploads\/2024\/05\/2016_12_missao_discipulos-900x606-1.jpg","contentUrl":"https:\/\/unisale.com.br\/pastoral\/wp-content\/uploads\/2024\/05\/2016_12_missao_discipulos-900x606-1.jpg","width":743,"height":500},{"@type":"WebSite","@id":"https:\/\/unisale.com.br\/pastoral\/#website","url":"https:\/\/unisale.com.br\/pastoral\/","name":"Pastoral Universit\u00e1ria UniSALESIANO","description":"Site da Pastoral Universit\u00e1ria do UniSALESIANO","potentialAction":[{"@type":"SearchAction","target":{"@type":"EntryPoint","urlTemplate":"https:\/\/unisale.com.br\/pastoral\/?s={search_term_string}"},"query-input":{"@type":"PropertyValueSpecification","valueRequired":true,"valueName":"search_term_string"}}],"inLanguage":"pt-BR"},{"@type":"Person","@id":"https:\/\/unisale.com.br\/pastoral\/#\/schema\/person\/a16ba711a0f7dec9cb6b44563144d5a3","name":"pastoral","url":"https:\/\/unisale.com.br\/pastoral\/author\/pastoral\/"}]}},"_links":{"self":[{"href":"https:\/\/unisale.com.br\/pastoral\/wp-json\/wp\/v2\/posts\/9301","targetHints":{"allow":["GET"]}}],"collection":[{"href":"https:\/\/unisale.com.br\/pastoral\/wp-json\/wp\/v2\/posts"}],"about":[{"href":"https:\/\/unisale.com.br\/pastoral\/wp-json\/wp\/v2\/types\/post"}],"author":[{"embeddable":true,"href":"https:\/\/unisale.com.br\/pastoral\/wp-json\/wp\/v2\/users\/1"}],"replies":[{"embeddable":true,"href":"https:\/\/unisale.com.br\/pastoral\/wp-json\/wp\/v2\/comments?post=9301"}],"version-history":[{"count":0,"href":"https:\/\/unisale.com.br\/pastoral\/wp-json\/wp\/v2\/posts\/9301\/revisions"}],"wp:featuredmedia":[{"embeddable":true,"href":"https:\/\/unisale.com.br\/pastoral\/wp-json\/wp\/v2\/media\/9302"}],"wp:attachment":[{"href":"https:\/\/unisale.com.br\/pastoral\/wp-json\/wp\/v2\/media?parent=9301"}],"wp:term":[{"taxonomy":"category","embeddable":true,"href":"https:\/\/unisale.com.br\/pastoral\/wp-json\/wp\/v2\/categories?post=9301"},{"taxonomy":"post_tag","embeddable":true,"href":"https:\/\/unisale.com.br\/pastoral\/wp-json\/wp\/v2\/tags?post=9301"}],"curies":[{"name":"wp","href":"https:\/\/api.w.org\/{rel}","templated":true}]}}