{"id":9358,"date":"2024-06-03T11:43:19","date_gmt":"2024-06-03T11:43:19","guid":{"rendered":"https:\/\/unisale.com.br\/pastoral\/?p=9358"},"modified":"2024-06-03T11:43:19","modified_gmt":"2024-06-03T11:43:19","slug":"07-06-aprendei-de-mim-que-sou-manso-e-humilde-de-coracao","status":"publish","type":"post","link":"https:\/\/unisale.com.br\/pastoral\/07-06-aprendei-de-mim-que-sou-manso-e-humilde-de-coracao\/","title":{"rendered":"07\/06 &#8211; Aprendei de mim, que sou manso e humilde de cora\u00e7\u00e3o."},"content":{"rendered":"<p>Sexta-feira, 07 de junho de 2024.<\/p>\n<p>&nbsp;<\/p>\n<p>Evangelho (Jo 19,31-37)<\/p>\n<p>&nbsp;<\/p>\n<p><strong>\u201cAprendei de mim, que sou manso e humilde de cora\u00e7\u00e3o\u201d<\/strong><\/p>\n<p>&nbsp;<\/p>\n<p><sup>31<\/sup>Era o dia da prepara\u00e7\u00e3o para a P\u00e1scoa. Os judeus queriam evitar que os corpos ficassem na cruz durante o s\u00e1bado, porque aquele s\u00e1bado era dia de festa solene. Ent\u00e3o pediram a Pilatos que mandasse quebrar as pernas aos crucificados e os tirasse da cruz.<\/p>\n<p><sup>32<\/sup>Os soldados foram e quebraram as pernas de um e depois do outro que foram crucificados com Jesus. <sup>33<\/sup>Ao se aproximarem de Jesus, e vendo que j\u00e1 estava morto, n\u00e3o lhe quebraram as pernas; <sup>34<\/sup>mas um soldado abriu-lhe o lado com uma lan\u00e7a, e logo saiu sangue e \u00e1gua.<\/p>\n<p><sup>35<\/sup>Aquele que viu, d\u00e1 testemunho e seu testemunho \u00e9 verdadeiro; e ele sabe que fala a verdade, para que v\u00f3s tamb\u00e9m acrediteis. <sup>36<\/sup>Isso aconteceu para que se cumprisse a Escritura, que diz: \u201cN\u00e3o quebrar\u00e3o nenhum de seus ossos\u201d. <sup>37<\/sup>E outra Escritura ainda diz: Olhar\u00e3o para aquele que transpassaram\u201d.<\/p>\n<p><strong>\u00a0<\/strong><\/p>\n<p><strong>Reflex\u00e3o<\/strong><\/p>\n<p>&nbsp;<\/p>\n<p>Hoje a liturgia nos convida a celebrar a festa do Sagrado Cora\u00e7\u00e3o de Jesus e por isso o Evangelho de Jo\u00e3o nos leva ao p\u00e9 da cruz. De fato, \u00e9 o lugar mais adequado para entendermos alguma coisa do amor de Deus. A cruz \u00e9 o lugar mais escuro e ao mesmo tempo, o lugar mais iluminado segundo a l\u00f3gica do evangelho. Jesus foi morto e os vers\u00edculos do Evangelho de hoje parecem querer descrever simplesmente os gestos de desenvolvimento da cena. Os soldados romanos querem acelerar a opera\u00e7\u00e3o e assim quebram as pernas dos crucificados para facilitar a morte dos mesmos.<\/p>\n<p>Acontece de tal maneira que aquela que devia ser simplesmente uma constata\u00e7\u00e3o da Sua morte, se torna uma janela sobre Seu Mist\u00e9rio. Aquele traspassar da lan\u00e7a nos aproxima do mesmo Cora\u00e7\u00e3o de Cristo do qual versam \u201csangue e \u00e1gua\u201d, s\u00edmbolos dos Sacramentos. Sabemos assim que o gesto maior de Cristo, que \u00e9 a doa\u00e7\u00e3o da vida por cada um de n\u00f3s, continua a ser vis\u00edvel, presente e eficaz naquele \u201cSangue e naquela \u00c1gua\u201d que os sacramentos tornam constantemente presentes. Sobretudo na Eucaristia aquela ferida, aquele Cora\u00e7\u00e3o, aquele amor vivo, continua a estar presente em nosso meio. N\u00f3s somos constantemente amados por um Amor que n\u00e3o \u00e9 um amor qualquer, mas \u00e9 um amor que d\u00e1 a vida. Todas as vezes que nos aproximamos de um Amor assim, um Amor que salva porque enche a vida de significado. De fato, sentimo-nos amados at\u00e9 o ponto de saber que quem te ama est\u00e1 disposto a morrer por voc\u00ea, enche a tua vida de um significado que te salva. Por isso Jo\u00e3o nos acrescenta: \u201cQuem viu d\u00e1 testemunho\u201d. S\u00f3 se pode dar testemunho de tal acontecimento, n\u00e3o uma explica\u00e7\u00e3o. O Mist\u00e9rio do Amor de Deus, de Seu Cora\u00e7\u00e3o, \u00e9 um Mist\u00e9rio que pode ser testemunhado como fato, e a nossa raz\u00e3o, a nossa intelig\u00eancia s\u00f3 pode se extasiar e contemplar.<\/p>\n<p><strong>Pe. Paulo Eduardo J\u00e1como, SDB.<\/strong><\/p>\n","protected":false},"excerpt":{"rendered":"<p>Sexta-feira, 07 de junho de 2024. &nbsp; Evangelho (Jo 19,31-37) &nbsp; \u201cAprendei de mim, que sou manso e humilde de cora\u00e7\u00e3o\u201d &nbsp; 31Era o dia&#8230;<\/p>\n","protected":false},"author":1,"featured_media":9359,"comment_status":"closed","ping_status":"closed","sticky":false,"template":"","format":"standard","meta":{"_acf_changed":false,"footnotes":""},"categories":[13],"tags":[],"class_list":["post-9358","post","type-post","status-publish","format-standard","has-post-thumbnail","hentry","category-reflexaodoevagelho"],"acf":[],"yoast_head":"<!-- This site is optimized with the Yoast SEO plugin v27.3 - https:\/\/yoast.com\/product\/yoast-seo-wordpress\/ -->\n<title>07\/06 - Aprendei de mim, que sou manso e humilde de cora\u00e7\u00e3o. - Pastoral Universit\u00e1ria UniSALESIANO<\/title>\n<meta name=\"robots\" content=\"index, follow, max-snippet:-1, max-image-preview:large, max-video-preview:-1\" \/>\n<link rel=\"canonical\" href=\"https:\/\/unisale.com.br\/novo\/07-06-aprendei-de-mim-que-sou-manso-e-humilde-de-coracao\/\" \/>\n<meta property=\"og:locale\" content=\"pt_BR\" \/>\n<meta property=\"og:type\" content=\"article\" \/>\n<meta property=\"og:title\" content=\"07\/06 - Aprendei de mim, que sou manso e humilde de cora\u00e7\u00e3o. - Pastoral Universit\u00e1ria UniSALESIANO\" \/>\n<meta property=\"og:description\" content=\"Sexta-feira, 07 de junho de 2024. &nbsp; Evangelho (Jo 19,31-37) &nbsp; \u201cAprendei de mim, que sou manso e humilde de cora\u00e7\u00e3o\u201d &nbsp; 31Era o dia...\" \/>\n<meta property=\"og:url\" content=\"https:\/\/unisale.com.br\/novo\/07-06-aprendei-de-mim-que-sou-manso-e-humilde-de-coracao\/\" \/>\n<meta property=\"og:site_name\" content=\"Pastoral Universit\u00e1ria UniSALESIANO\" \/>\n<meta property=\"article:published_time\" content=\"2024-06-03T11:43:19+00:00\" \/>\n<meta name=\"author\" content=\"pastoral\" \/>\n<meta name=\"twitter:card\" content=\"summary_large_image\" \/>\n<meta name=\"twitter:label1\" content=\"Escrito por\" \/>\n\t<meta name=\"twitter:data1\" content=\"pastoral\" \/>\n\t<meta name=\"twitter:label2\" content=\"Est. tempo de leitura\" \/>\n\t<meta name=\"twitter:data2\" content=\"3 minutos\" \/>\n<script type=\"application\/ld+json\" class=\"yoast-schema-graph\">{\"@context\":\"https:\\\/\\\/schema.org\",\"@graph\":[{\"@type\":\"Article\",\"@id\":\"https:\\\/\\\/unisale.com.br\\\/novo\\\/07-06-aprendei-de-mim-que-sou-manso-e-humilde-de-coracao\\\/#article\",\"isPartOf\":{\"@id\":\"https:\\\/\\\/unisale.com.br\\\/novo\\\/07-06-aprendei-de-mim-que-sou-manso-e-humilde-de-coracao\\\/\"},\"author\":{\"name\":\"pastoral\",\"@id\":\"https:\\\/\\\/unisale.com.br\\\/pastoral\\\/#\\\/schema\\\/person\\\/a16ba711a0f7dec9cb6b44563144d5a3\"},\"headline\":\"07\\\/06 &#8211; Aprendei de mim, que sou manso e humilde de cora\u00e7\u00e3o.\",\"datePublished\":\"2024-06-03T11:43:19+00:00\",\"mainEntityOfPage\":{\"@id\":\"https:\\\/\\\/unisale.com.br\\\/novo\\\/07-06-aprendei-de-mim-que-sou-manso-e-humilde-de-coracao\\\/\"},\"wordCount\":532,\"image\":{\"@id\":\"https:\\\/\\\/unisale.com.br\\\/novo\\\/07-06-aprendei-de-mim-que-sou-manso-e-humilde-de-coracao\\\/#primaryimage\"},\"thumbnailUrl\":\"https:\\\/\\\/unisale.com.br\\\/pastoral\\\/wp-content\\\/uploads\\\/2024\\\/06\\\/humildade-e-mansidao.jpeg\",\"articleSection\":[\"Reflex\u00e3o do Evangelho\"],\"inLanguage\":\"pt-BR\"},{\"@type\":\"WebPage\",\"@id\":\"https:\\\/\\\/unisale.com.br\\\/novo\\\/07-06-aprendei-de-mim-que-sou-manso-e-humilde-de-coracao\\\/\",\"url\":\"https:\\\/\\\/unisale.com.br\\\/novo\\\/07-06-aprendei-de-mim-que-sou-manso-e-humilde-de-coracao\\\/\",\"name\":\"07\\\/06 - Aprendei de mim, que sou manso e humilde de cora\u00e7\u00e3o. - Pastoral Universit\u00e1ria UniSALESIANO\",\"isPartOf\":{\"@id\":\"https:\\\/\\\/unisale.com.br\\\/pastoral\\\/#website\"},\"primaryImageOfPage\":{\"@id\":\"https:\\\/\\\/unisale.com.br\\\/novo\\\/07-06-aprendei-de-mim-que-sou-manso-e-humilde-de-coracao\\\/#primaryimage\"},\"image\":{\"@id\":\"https:\\\/\\\/unisale.com.br\\\/novo\\\/07-06-aprendei-de-mim-que-sou-manso-e-humilde-de-coracao\\\/#primaryimage\"},\"thumbnailUrl\":\"https:\\\/\\\/unisale.com.br\\\/pastoral\\\/wp-content\\\/uploads\\\/2024\\\/06\\\/humildade-e-mansidao.jpeg\",\"datePublished\":\"2024-06-03T11:43:19+00:00\",\"author\":{\"@id\":\"https:\\\/\\\/unisale.com.br\\\/pastoral\\\/#\\\/schema\\\/person\\\/a16ba711a0f7dec9cb6b44563144d5a3\"},\"inLanguage\":\"pt-BR\",\"potentialAction\":[{\"@type\":\"ReadAction\",\"target\":[\"https:\\\/\\\/unisale.com.br\\\/novo\\\/07-06-aprendei-de-mim-que-sou-manso-e-humilde-de-coracao\\\/\"]}]},{\"@type\":\"ImageObject\",\"inLanguage\":\"pt-BR\",\"@id\":\"https:\\\/\\\/unisale.com.br\\\/novo\\\/07-06-aprendei-de-mim-que-sou-manso-e-humilde-de-coracao\\\/#primaryimage\",\"url\":\"https:\\\/\\\/unisale.com.br\\\/pastoral\\\/wp-content\\\/uploads\\\/2024\\\/06\\\/humildade-e-mansidao.jpeg\",\"contentUrl\":\"https:\\\/\\\/unisale.com.br\\\/pastoral\\\/wp-content\\\/uploads\\\/2024\\\/06\\\/humildade-e-mansidao.jpeg\",\"width\":800,\"height\":450},{\"@type\":\"WebSite\",\"@id\":\"https:\\\/\\\/unisale.com.br\\\/pastoral\\\/#website\",\"url\":\"https:\\\/\\\/unisale.com.br\\\/pastoral\\\/\",\"name\":\"Pastoral Universit\u00e1ria UniSALESIANO\",\"description\":\"Site da Pastoral Universit\u00e1ria do UniSALESIANO\",\"potentialAction\":[{\"@type\":\"SearchAction\",\"target\":{\"@type\":\"EntryPoint\",\"urlTemplate\":\"https:\\\/\\\/unisale.com.br\\\/pastoral\\\/?s={search_term_string}\"},\"query-input\":{\"@type\":\"PropertyValueSpecification\",\"valueRequired\":true,\"valueName\":\"search_term_string\"}}],\"inLanguage\":\"pt-BR\"},{\"@type\":\"Person\",\"@id\":\"https:\\\/\\\/unisale.com.br\\\/pastoral\\\/#\\\/schema\\\/person\\\/a16ba711a0f7dec9cb6b44563144d5a3\",\"name\":\"pastoral\",\"url\":\"https:\\\/\\\/unisale.com.br\\\/pastoral\\\/author\\\/pastoral\\\/\"}]}<\/script>\n<!-- \/ Yoast SEO plugin. -->","yoast_head_json":{"title":"07\/06 - Aprendei de mim, que sou manso e humilde de cora\u00e7\u00e3o. - Pastoral Universit\u00e1ria UniSALESIANO","robots":{"index":"index","follow":"follow","max-snippet":"max-snippet:-1","max-image-preview":"max-image-preview:large","max-video-preview":"max-video-preview:-1"},"canonical":"https:\/\/unisale.com.br\/novo\/07-06-aprendei-de-mim-que-sou-manso-e-humilde-de-coracao\/","og_locale":"pt_BR","og_type":"article","og_title":"07\/06 - Aprendei de mim, que sou manso e humilde de cora\u00e7\u00e3o. - Pastoral Universit\u00e1ria UniSALESIANO","og_description":"Sexta-feira, 07 de junho de 2024. &nbsp; Evangelho (Jo 19,31-37) &nbsp; \u201cAprendei de mim, que sou manso e humilde de cora\u00e7\u00e3o\u201d &nbsp; 31Era o dia...","og_url":"https:\/\/unisale.com.br\/novo\/07-06-aprendei-de-mim-que-sou-manso-e-humilde-de-coracao\/","og_site_name":"Pastoral Universit\u00e1ria UniSALESIANO","article_published_time":"2024-06-03T11:43:19+00:00","author":"pastoral","twitter_card":"summary_large_image","twitter_misc":{"Escrito por":"pastoral","Est. tempo de leitura":"3 minutos"},"schema":{"@context":"https:\/\/schema.org","@graph":[{"@type":"Article","@id":"https:\/\/unisale.com.br\/novo\/07-06-aprendei-de-mim-que-sou-manso-e-humilde-de-coracao\/#article","isPartOf":{"@id":"https:\/\/unisale.com.br\/novo\/07-06-aprendei-de-mim-que-sou-manso-e-humilde-de-coracao\/"},"author":{"name":"pastoral","@id":"https:\/\/unisale.com.br\/pastoral\/#\/schema\/person\/a16ba711a0f7dec9cb6b44563144d5a3"},"headline":"07\/06 &#8211; Aprendei de mim, que sou manso e humilde de cora\u00e7\u00e3o.","datePublished":"2024-06-03T11:43:19+00:00","mainEntityOfPage":{"@id":"https:\/\/unisale.com.br\/novo\/07-06-aprendei-de-mim-que-sou-manso-e-humilde-de-coracao\/"},"wordCount":532,"image":{"@id":"https:\/\/unisale.com.br\/novo\/07-06-aprendei-de-mim-que-sou-manso-e-humilde-de-coracao\/#primaryimage"},"thumbnailUrl":"https:\/\/unisale.com.br\/pastoral\/wp-content\/uploads\/2024\/06\/humildade-e-mansidao.jpeg","articleSection":["Reflex\u00e3o do Evangelho"],"inLanguage":"pt-BR"},{"@type":"WebPage","@id":"https:\/\/unisale.com.br\/novo\/07-06-aprendei-de-mim-que-sou-manso-e-humilde-de-coracao\/","url":"https:\/\/unisale.com.br\/novo\/07-06-aprendei-de-mim-que-sou-manso-e-humilde-de-coracao\/","name":"07\/06 - Aprendei de mim, que sou manso e humilde de cora\u00e7\u00e3o. - Pastoral Universit\u00e1ria UniSALESIANO","isPartOf":{"@id":"https:\/\/unisale.com.br\/pastoral\/#website"},"primaryImageOfPage":{"@id":"https:\/\/unisale.com.br\/novo\/07-06-aprendei-de-mim-que-sou-manso-e-humilde-de-coracao\/#primaryimage"},"image":{"@id":"https:\/\/unisale.com.br\/novo\/07-06-aprendei-de-mim-que-sou-manso-e-humilde-de-coracao\/#primaryimage"},"thumbnailUrl":"https:\/\/unisale.com.br\/pastoral\/wp-content\/uploads\/2024\/06\/humildade-e-mansidao.jpeg","datePublished":"2024-06-03T11:43:19+00:00","author":{"@id":"https:\/\/unisale.com.br\/pastoral\/#\/schema\/person\/a16ba711a0f7dec9cb6b44563144d5a3"},"inLanguage":"pt-BR","potentialAction":[{"@type":"ReadAction","target":["https:\/\/unisale.com.br\/novo\/07-06-aprendei-de-mim-que-sou-manso-e-humilde-de-coracao\/"]}]},{"@type":"ImageObject","inLanguage":"pt-BR","@id":"https:\/\/unisale.com.br\/novo\/07-06-aprendei-de-mim-que-sou-manso-e-humilde-de-coracao\/#primaryimage","url":"https:\/\/unisale.com.br\/pastoral\/wp-content\/uploads\/2024\/06\/humildade-e-mansidao.jpeg","contentUrl":"https:\/\/unisale.com.br\/pastoral\/wp-content\/uploads\/2024\/06\/humildade-e-mansidao.jpeg","width":800,"height":450},{"@type":"WebSite","@id":"https:\/\/unisale.com.br\/pastoral\/#website","url":"https:\/\/unisale.com.br\/pastoral\/","name":"Pastoral Universit\u00e1ria UniSALESIANO","description":"Site da Pastoral Universit\u00e1ria do UniSALESIANO","potentialAction":[{"@type":"SearchAction","target":{"@type":"EntryPoint","urlTemplate":"https:\/\/unisale.com.br\/pastoral\/?s={search_term_string}"},"query-input":{"@type":"PropertyValueSpecification","valueRequired":true,"valueName":"search_term_string"}}],"inLanguage":"pt-BR"},{"@type":"Person","@id":"https:\/\/unisale.com.br\/pastoral\/#\/schema\/person\/a16ba711a0f7dec9cb6b44563144d5a3","name":"pastoral","url":"https:\/\/unisale.com.br\/pastoral\/author\/pastoral\/"}]}},"_links":{"self":[{"href":"https:\/\/unisale.com.br\/pastoral\/wp-json\/wp\/v2\/posts\/9358","targetHints":{"allow":["GET"]}}],"collection":[{"href":"https:\/\/unisale.com.br\/pastoral\/wp-json\/wp\/v2\/posts"}],"about":[{"href":"https:\/\/unisale.com.br\/pastoral\/wp-json\/wp\/v2\/types\/post"}],"author":[{"embeddable":true,"href":"https:\/\/unisale.com.br\/pastoral\/wp-json\/wp\/v2\/users\/1"}],"replies":[{"embeddable":true,"href":"https:\/\/unisale.com.br\/pastoral\/wp-json\/wp\/v2\/comments?post=9358"}],"version-history":[{"count":0,"href":"https:\/\/unisale.com.br\/pastoral\/wp-json\/wp\/v2\/posts\/9358\/revisions"}],"wp:featuredmedia":[{"embeddable":true,"href":"https:\/\/unisale.com.br\/pastoral\/wp-json\/wp\/v2\/media\/9359"}],"wp:attachment":[{"href":"https:\/\/unisale.com.br\/pastoral\/wp-json\/wp\/v2\/media?parent=9358"}],"wp:term":[{"taxonomy":"category","embeddable":true,"href":"https:\/\/unisale.com.br\/pastoral\/wp-json\/wp\/v2\/categories?post=9358"},{"taxonomy":"post_tag","embeddable":true,"href":"https:\/\/unisale.com.br\/pastoral\/wp-json\/wp\/v2\/tags?post=9358"}],"curies":[{"name":"wp","href":"https:\/\/api.w.org\/{rel}","templated":true}]}}