{"id":937,"date":"2021-05-04T14:26:18","date_gmt":"2021-05-04T14:26:18","guid":{"rendered":"https:\/\/unisale.com.br\/pastoral\/?p=937"},"modified":"2021-05-21T11:58:04","modified_gmt":"2021-05-21T11:58:04","slug":"eu-sou-o-caminho","status":"publish","type":"post","link":"https:\/\/unisale.com.br\/pastoral\/eu-sou-o-caminho\/","title":{"rendered":"03\/05 &#8211; Eu sou o Caminho, a Verdade e a Vida"},"content":{"rendered":"<p><strong>Segunda-feira, 03 de maio de 2021.<\/strong><\/p>\n<p>Evangelho (Jo 14, 6-14)<\/p>\n<p>&nbsp;<\/p>\n<p><strong><em>\u201cEu sou o Caminho, a Verdade e a Vida\u201d.<\/em><\/strong><\/p>\n<p>Naquele tempo, Jesus disse a Tom\u00e9:\u00a0<sup>6<\/sup>\u201cEu sou o Caminho, a Verdade e a Vida. Ningu\u00e9m vai ao Pai sen\u00e3o por mim.\u00a0<sup>7<\/sup>Se v\u00f3s me conhec\u00easseis, conhecer\u00edeis tamb\u00e9m o meu Pai. E desde agora o conheceis e o vistes\u201d.\u00a0<sup>8<\/sup>Disse Filipe: \u201cSenhor, mostra-nos o Pai, isso nos basta!\u201d\u00a0<sup>9<\/sup>Jesus respondeu: \u201cH\u00e1 tanto tempo estou convosco, e n\u00e3o me conheces, Filipe? Quem me viu, viu o Pai. Como \u00e9 que tu dizes: \u2018Mostra-nos o Pai\u2019?\u00a0<sup>10<\/sup>N\u00e3o acreditas que eu estou no Pai e o Pai est\u00e1 em mim? As palavras que eu vos digo, n\u00e3o as digo por mim mesmo, mas \u00e9 o Pai que, permanecendo em mim, realiza as suas obras.\u00a0<sup>11<\/sup>Acreditai-me: eu estou no Pai e o Pai est\u00e1 em mim. Acreditai, ao menos, por causa destas mesmas obras.\u00a0<sup>12<\/sup>Em verdade, em verdade vos digo, quem acredita em mim far\u00e1 as obras que eu fa\u00e7o, e far\u00e1 ainda maiores do que estas. Pois eu vou para o Pai,\u00a0<sup>13<\/sup>e o que pedirdes em meu nome, eu o realizarei, a fim de que o Pai seja glorificado no Filho.\u00a0<sup>14<\/sup>Se pedirdes algo em meu nome, eu o realizarei\u201d.<\/p>\n<p>&nbsp;<\/p>\n<p><strong>Reflex\u00e3o<\/strong><\/p>\n<p>\u201cNingu\u00e9m vai ao Pai sen\u00e3o por mim\u201d. Em termos positivos, esta frase de Jesus poderia ser escrita de uma outra forma: \u201ctodo mundo pode ir ao Pai atrav\u00e9s de mim\u201d. Recordamos, neste mesmo sentido, outra frase de Jesus: \u201csem mim, nada podeis fazer\u201d (Jo 15,5). Mas afinal, o que tudo isso quer dizer? Simples: com ele n\u00f3s podemos fazer tudo. O que importa \u00e9 que n\u00f3s precisamos compreender a fundo os conselhos de Jesus para podermos coloc\u00e1-los em pr\u00e1tica.<\/p>\n<p>Filipe n\u00e3o compreendeu no in\u00edcio a fala de Jesus e, gra\u00e7as a sua incompreens\u00e3o, n\u00f3s dispomos de uma nova dire\u00e7\u00e3o para seguir as orienta\u00e7\u00f5es fundamentais da nova vida aqui na terra. O objetivo final \u00e9 a nova volta \u00e0 casa paterna. Deus nos criou e, se formos fi\u00e9is, voltaremos para Ele. Por isso, Jesus disse: \u201dEu sou o Caminho\u201d. Ele \u00e9 o \u00fanico caminho que nos leva ao Pai. Em tudo e para tudo busquemos o fundamento s\u00f3lido de nova filia\u00e7\u00e3o divina. N\u00e3o podemos nos recordar disso somente nos momentos de dificuldade, mas em todos os momentos do dia a dia da nossa vida. Jesus nos disse que Ele \u00e9 o Caminho e que, se a Ele recorrermos, ele nos conduzir\u00e1 ao Pai. A Deus Pai, para ressaltar assim a sua paternidade e ao mesmo tempo nossa filia\u00e7\u00e3o.<\/p>\n<p>Jesus \u00e9 o caminho verdadeiro que nos leva \u00e0 felicidade eterna. Essa declara\u00e7\u00e3o de Jesus \u00e9 destinada a todos os homens e mulheres, mas, especialmente, a nos que dissemos estar dispostos a levar a s\u00e9rio a nova voca\u00e7\u00e3o de sermos crist\u00e3os.<\/p>\n<p>&nbsp;<\/p>\n<p><strong>Pe. Paulo Eduardo J\u00e1como, sdb<\/strong><\/p>\n","protected":false},"excerpt":{"rendered":"<p>Segunda-feira, 03 de maio de 2021. Evangelho (Jo 14, 6-14) &nbsp; \u201cEu sou o Caminho, a Verdade e a Vida\u201d. Naquele tempo, Jesus disse a&#8230;<\/p>\n","protected":false},"author":1,"featured_media":920,"comment_status":"closed","ping_status":"open","sticky":false,"template":"","format":"standard","meta":{"_acf_changed":false,"footnotes":""},"categories":[13],"tags":[],"class_list":["post-937","post","type-post","status-publish","format-standard","has-post-thumbnail","hentry","category-reflexaodoevagelho"],"acf":[],"yoast_head":"<!-- This site is optimized with the Yoast SEO plugin v27.3 - https:\/\/yoast.com\/product\/yoast-seo-wordpress\/ -->\n<title>03\/05 - Eu sou o Caminho, a Verdade e a Vida - Pastoral Universit\u00e1ria UniSALESIANO<\/title>\n<meta name=\"robots\" content=\"index, follow, max-snippet:-1, max-image-preview:large, max-video-preview:-1\" \/>\n<link rel=\"canonical\" href=\"https:\/\/unisale.com.br\/novo\/eu-sou-o-caminho\/\" \/>\n<meta property=\"og:locale\" content=\"pt_BR\" \/>\n<meta property=\"og:type\" content=\"article\" \/>\n<meta property=\"og:title\" content=\"03\/05 - Eu sou o Caminho, a Verdade e a Vida - Pastoral Universit\u00e1ria UniSALESIANO\" \/>\n<meta property=\"og:description\" content=\"Segunda-feira, 03 de maio de 2021. Evangelho (Jo 14, 6-14) &nbsp; \u201cEu sou o Caminho, a Verdade e a Vida\u201d. Naquele tempo, Jesus disse a...\" \/>\n<meta property=\"og:url\" content=\"https:\/\/unisale.com.br\/novo\/eu-sou-o-caminho\/\" \/>\n<meta property=\"og:site_name\" content=\"Pastoral Universit\u00e1ria UniSALESIANO\" \/>\n<meta property=\"article:published_time\" content=\"2021-05-04T14:26:18+00:00\" \/>\n<meta property=\"article:modified_time\" content=\"2021-05-21T11:58:04+00:00\" \/>\n<meta property=\"og:image\" content=\"https:\/\/unisale.com.br\/novo\/wp-content\/uploads\/2021\/05\/caminho.png\" \/>\n\t<meta property=\"og:image:width\" content=\"1920\" \/>\n\t<meta property=\"og:image:height\" content=\"1080\" \/>\n\t<meta property=\"og:image:type\" content=\"image\/png\" \/>\n<meta name=\"author\" content=\"pastoral\" \/>\n<meta name=\"twitter:card\" content=\"summary_large_image\" \/>\n<meta name=\"twitter:label1\" content=\"Escrito por\" \/>\n\t<meta name=\"twitter:data1\" content=\"pastoral\" \/>\n\t<meta name=\"twitter:label2\" content=\"Est. tempo de leitura\" \/>\n\t<meta name=\"twitter:data2\" content=\"2 minutos\" \/>\n<script type=\"application\/ld+json\" class=\"yoast-schema-graph\">{\"@context\":\"https:\\\/\\\/schema.org\",\"@graph\":[{\"@type\":\"Article\",\"@id\":\"https:\\\/\\\/unisale.com.br\\\/novo\\\/eu-sou-o-caminho\\\/#article\",\"isPartOf\":{\"@id\":\"https:\\\/\\\/unisale.com.br\\\/novo\\\/eu-sou-o-caminho\\\/\"},\"author\":{\"name\":\"pastoral\",\"@id\":\"https:\\\/\\\/unisale.com.br\\\/pastoral\\\/#\\\/schema\\\/person\\\/a16ba711a0f7dec9cb6b44563144d5a3\"},\"headline\":\"03\\\/05 &#8211; Eu sou o Caminho, a Verdade e a Vida\",\"datePublished\":\"2021-05-04T14:26:18+00:00\",\"dateModified\":\"2021-05-21T11:58:04+00:00\",\"mainEntityOfPage\":{\"@id\":\"https:\\\/\\\/unisale.com.br\\\/novo\\\/eu-sou-o-caminho\\\/\"},\"wordCount\":505,\"image\":{\"@id\":\"https:\\\/\\\/unisale.com.br\\\/novo\\\/eu-sou-o-caminho\\\/#primaryimage\"},\"thumbnailUrl\":\"https:\\\/\\\/unisale.com.br\\\/pastoral\\\/wp-content\\\/uploads\\\/2021\\\/05\\\/caminho.png\",\"articleSection\":[\"Reflex\u00e3o do Evangelho\"],\"inLanguage\":\"pt-BR\"},{\"@type\":\"WebPage\",\"@id\":\"https:\\\/\\\/unisale.com.br\\\/novo\\\/eu-sou-o-caminho\\\/\",\"url\":\"https:\\\/\\\/unisale.com.br\\\/novo\\\/eu-sou-o-caminho\\\/\",\"name\":\"03\\\/05 - Eu sou o Caminho, a Verdade e a Vida - Pastoral Universit\u00e1ria UniSALESIANO\",\"isPartOf\":{\"@id\":\"https:\\\/\\\/unisale.com.br\\\/pastoral\\\/#website\"},\"primaryImageOfPage\":{\"@id\":\"https:\\\/\\\/unisale.com.br\\\/novo\\\/eu-sou-o-caminho\\\/#primaryimage\"},\"image\":{\"@id\":\"https:\\\/\\\/unisale.com.br\\\/novo\\\/eu-sou-o-caminho\\\/#primaryimage\"},\"thumbnailUrl\":\"https:\\\/\\\/unisale.com.br\\\/pastoral\\\/wp-content\\\/uploads\\\/2021\\\/05\\\/caminho.png\",\"datePublished\":\"2021-05-04T14:26:18+00:00\",\"dateModified\":\"2021-05-21T11:58:04+00:00\",\"author\":{\"@id\":\"https:\\\/\\\/unisale.com.br\\\/pastoral\\\/#\\\/schema\\\/person\\\/a16ba711a0f7dec9cb6b44563144d5a3\"},\"inLanguage\":\"pt-BR\",\"potentialAction\":[{\"@type\":\"ReadAction\",\"target\":[\"https:\\\/\\\/unisale.com.br\\\/novo\\\/eu-sou-o-caminho\\\/\"]}]},{\"@type\":\"ImageObject\",\"inLanguage\":\"pt-BR\",\"@id\":\"https:\\\/\\\/unisale.com.br\\\/novo\\\/eu-sou-o-caminho\\\/#primaryimage\",\"url\":\"https:\\\/\\\/unisale.com.br\\\/pastoral\\\/wp-content\\\/uploads\\\/2021\\\/05\\\/caminho.png\",\"contentUrl\":\"https:\\\/\\\/unisale.com.br\\\/pastoral\\\/wp-content\\\/uploads\\\/2021\\\/05\\\/caminho.png\",\"width\":889,\"height\":500},{\"@type\":\"WebSite\",\"@id\":\"https:\\\/\\\/unisale.com.br\\\/pastoral\\\/#website\",\"url\":\"https:\\\/\\\/unisale.com.br\\\/pastoral\\\/\",\"name\":\"Pastoral Universit\u00e1ria UniSALESIANO\",\"description\":\"Site da Pastoral Universit\u00e1ria do UniSALESIANO\",\"potentialAction\":[{\"@type\":\"SearchAction\",\"target\":{\"@type\":\"EntryPoint\",\"urlTemplate\":\"https:\\\/\\\/unisale.com.br\\\/pastoral\\\/?s={search_term_string}\"},\"query-input\":{\"@type\":\"PropertyValueSpecification\",\"valueRequired\":true,\"valueName\":\"search_term_string\"}}],\"inLanguage\":\"pt-BR\"},{\"@type\":\"Person\",\"@id\":\"https:\\\/\\\/unisale.com.br\\\/pastoral\\\/#\\\/schema\\\/person\\\/a16ba711a0f7dec9cb6b44563144d5a3\",\"name\":\"pastoral\",\"url\":\"https:\\\/\\\/unisale.com.br\\\/pastoral\\\/author\\\/pastoral\\\/\"}]}<\/script>\n<!-- \/ Yoast SEO plugin. -->","yoast_head_json":{"title":"03\/05 - Eu sou o Caminho, a Verdade e a Vida - Pastoral Universit\u00e1ria UniSALESIANO","robots":{"index":"index","follow":"follow","max-snippet":"max-snippet:-1","max-image-preview":"max-image-preview:large","max-video-preview":"max-video-preview:-1"},"canonical":"https:\/\/unisale.com.br\/novo\/eu-sou-o-caminho\/","og_locale":"pt_BR","og_type":"article","og_title":"03\/05 - Eu sou o Caminho, a Verdade e a Vida - Pastoral Universit\u00e1ria UniSALESIANO","og_description":"Segunda-feira, 03 de maio de 2021. Evangelho (Jo 14, 6-14) &nbsp; \u201cEu sou o Caminho, a Verdade e a Vida\u201d. Naquele tempo, Jesus disse a...","og_url":"https:\/\/unisale.com.br\/novo\/eu-sou-o-caminho\/","og_site_name":"Pastoral Universit\u00e1ria UniSALESIANO","article_published_time":"2021-05-04T14:26:18+00:00","article_modified_time":"2021-05-21T11:58:04+00:00","og_image":[{"width":1920,"height":1080,"url":"https:\/\/unisale.com.br\/novo\/wp-content\/uploads\/2021\/05\/caminho.png","type":"image\/png"}],"author":"pastoral","twitter_card":"summary_large_image","twitter_misc":{"Escrito por":"pastoral","Est. tempo de leitura":"2 minutos"},"schema":{"@context":"https:\/\/schema.org","@graph":[{"@type":"Article","@id":"https:\/\/unisale.com.br\/novo\/eu-sou-o-caminho\/#article","isPartOf":{"@id":"https:\/\/unisale.com.br\/novo\/eu-sou-o-caminho\/"},"author":{"name":"pastoral","@id":"https:\/\/unisale.com.br\/pastoral\/#\/schema\/person\/a16ba711a0f7dec9cb6b44563144d5a3"},"headline":"03\/05 &#8211; Eu sou o Caminho, a Verdade e a Vida","datePublished":"2021-05-04T14:26:18+00:00","dateModified":"2021-05-21T11:58:04+00:00","mainEntityOfPage":{"@id":"https:\/\/unisale.com.br\/novo\/eu-sou-o-caminho\/"},"wordCount":505,"image":{"@id":"https:\/\/unisale.com.br\/novo\/eu-sou-o-caminho\/#primaryimage"},"thumbnailUrl":"https:\/\/unisale.com.br\/pastoral\/wp-content\/uploads\/2021\/05\/caminho.png","articleSection":["Reflex\u00e3o do Evangelho"],"inLanguage":"pt-BR"},{"@type":"WebPage","@id":"https:\/\/unisale.com.br\/novo\/eu-sou-o-caminho\/","url":"https:\/\/unisale.com.br\/novo\/eu-sou-o-caminho\/","name":"03\/05 - Eu sou o Caminho, a Verdade e a Vida - Pastoral Universit\u00e1ria UniSALESIANO","isPartOf":{"@id":"https:\/\/unisale.com.br\/pastoral\/#website"},"primaryImageOfPage":{"@id":"https:\/\/unisale.com.br\/novo\/eu-sou-o-caminho\/#primaryimage"},"image":{"@id":"https:\/\/unisale.com.br\/novo\/eu-sou-o-caminho\/#primaryimage"},"thumbnailUrl":"https:\/\/unisale.com.br\/pastoral\/wp-content\/uploads\/2021\/05\/caminho.png","datePublished":"2021-05-04T14:26:18+00:00","dateModified":"2021-05-21T11:58:04+00:00","author":{"@id":"https:\/\/unisale.com.br\/pastoral\/#\/schema\/person\/a16ba711a0f7dec9cb6b44563144d5a3"},"inLanguage":"pt-BR","potentialAction":[{"@type":"ReadAction","target":["https:\/\/unisale.com.br\/novo\/eu-sou-o-caminho\/"]}]},{"@type":"ImageObject","inLanguage":"pt-BR","@id":"https:\/\/unisale.com.br\/novo\/eu-sou-o-caminho\/#primaryimage","url":"https:\/\/unisale.com.br\/pastoral\/wp-content\/uploads\/2021\/05\/caminho.png","contentUrl":"https:\/\/unisale.com.br\/pastoral\/wp-content\/uploads\/2021\/05\/caminho.png","width":889,"height":500},{"@type":"WebSite","@id":"https:\/\/unisale.com.br\/pastoral\/#website","url":"https:\/\/unisale.com.br\/pastoral\/","name":"Pastoral Universit\u00e1ria UniSALESIANO","description":"Site da Pastoral Universit\u00e1ria do UniSALESIANO","potentialAction":[{"@type":"SearchAction","target":{"@type":"EntryPoint","urlTemplate":"https:\/\/unisale.com.br\/pastoral\/?s={search_term_string}"},"query-input":{"@type":"PropertyValueSpecification","valueRequired":true,"valueName":"search_term_string"}}],"inLanguage":"pt-BR"},{"@type":"Person","@id":"https:\/\/unisale.com.br\/pastoral\/#\/schema\/person\/a16ba711a0f7dec9cb6b44563144d5a3","name":"pastoral","url":"https:\/\/unisale.com.br\/pastoral\/author\/pastoral\/"}]}},"_links":{"self":[{"href":"https:\/\/unisale.com.br\/pastoral\/wp-json\/wp\/v2\/posts\/937","targetHints":{"allow":["GET"]}}],"collection":[{"href":"https:\/\/unisale.com.br\/pastoral\/wp-json\/wp\/v2\/posts"}],"about":[{"href":"https:\/\/unisale.com.br\/pastoral\/wp-json\/wp\/v2\/types\/post"}],"author":[{"embeddable":true,"href":"https:\/\/unisale.com.br\/pastoral\/wp-json\/wp\/v2\/users\/1"}],"replies":[{"embeddable":true,"href":"https:\/\/unisale.com.br\/pastoral\/wp-json\/wp\/v2\/comments?post=937"}],"version-history":[{"count":0,"href":"https:\/\/unisale.com.br\/pastoral\/wp-json\/wp\/v2\/posts\/937\/revisions"}],"wp:featuredmedia":[{"embeddable":true,"href":"https:\/\/unisale.com.br\/pastoral\/wp-json\/wp\/v2\/media\/920"}],"wp:attachment":[{"href":"https:\/\/unisale.com.br\/pastoral\/wp-json\/wp\/v2\/media?parent=937"}],"wp:term":[{"taxonomy":"category","embeddable":true,"href":"https:\/\/unisale.com.br\/pastoral\/wp-json\/wp\/v2\/categories?post=937"},{"taxonomy":"post_tag","embeddable":true,"href":"https:\/\/unisale.com.br\/pastoral\/wp-json\/wp\/v2\/tags?post=937"}],"curies":[{"name":"wp","href":"https:\/\/api.w.org\/{rel}","templated":true}]}}