{"id":9439,"date":"2024-06-19T10:26:22","date_gmt":"2024-06-19T10:26:22","guid":{"rendered":"https:\/\/unisale.com.br\/pastoral\/?p=9439"},"modified":"2024-06-19T10:26:22","modified_gmt":"2024-06-19T10:26:22","slug":"28-06-senhor-se-queres-tu-tens-o-poder-de-me-purificar","status":"publish","type":"post","link":"https:\/\/unisale.com.br\/pastoral\/28-06-senhor-se-queres-tu-tens-o-poder-de-me-purificar\/","title":{"rendered":"28\/06 &#8211; Senhor, se queres, tu tens o poder de me purificar."},"content":{"rendered":"<p>Sexta-feira, 28 de junho de 2024.<\/p>\n<p>&nbsp;<\/p>\n<p>Evangelho (Mt 8,1-4)<\/p>\n<p>&nbsp;<\/p>\n<p><strong><em>\u201cSenhor, se queres, tu tens o poder de me purificar\u201d<\/em><\/strong><\/p>\n<p>&nbsp;<\/p>\n<p><sup>1<\/sup>Tendo Jesus descido do monte, numerosas multid\u00f5es o seguiam. <sup>2<\/sup>Eis que um leproso se aproximou e se ajoelhou diante dele, dizendo: \u201cSenhor, se queres, tu tens o poder de me purificar\u201d. <sup>3<\/sup>Jesus estendeu a m\u00e3o, tocou nele e disse: \u201cEu quero, fica limpo\u201d. No mesmo instante, o homem ficou curado da lepra.<\/p>\n<p><sup>4<\/sup>Ent\u00e3o Jesus lhe disse: \u201cOlha, n\u00e3o digas nada a ningu\u00e9m, mas vai mostrar-te ao sacerdote, e faze a oferta que Mois\u00e9s ordenou, para servir de testemunho para eles\u201d.<\/p>\n<p>&nbsp;<\/p>\n<p>&nbsp;<\/p>\n<p><strong>Reflex\u00e3o<\/strong><\/p>\n<p>&nbsp;<\/p>\n<p>O evangelho de hoje nos apresenta um leproso, cheio de dores e consciente de sua doen\u00e7a, mas que se aproxima de Jesus e pede: <em>\u201cSenhor, se queres, tu tens o poder de me purificar\u201d<\/em>. Ter consci\u00eancia da pr\u00f3pria \u201cdoen\u00e7a\u201d \u00e9 fundamental para o processo de cura. Pergunto: uma sociedade que n\u00e3o tem consci\u00eancia do pecado, pode pedir o perd\u00e3o ao Senhor? Pode pedir para ser purificada? Quantas pessoas n\u00f3s conhecemos que n\u00e3o t\u00eam consci\u00eancia do pr\u00f3prio pecado? Se desejamos mudar, n\u00f3s temos que colaborar com o Senhor. Como diz Santo Agostinho: <em>\u201cO Deus que te criou sem ti, n\u00e3o te salvar\u00e1 sem ti\u201d<\/em>. Precisamos pedir ao Senhor que nos ajude, que queremos mudar com a Sua ajuda. O gesto da purifica\u00e7\u00e3o do leproso nos ajuda a reconsiderar as nossas doen\u00e7as, as nossas fragilidades e as nossas ang\u00fastias. A lepra \u00e9 uma doen\u00e7a terr\u00edvel, desfigura a pessoa. A doen\u00e7a que corr\u00f3i a pessoa humana \u00e9 imagem do pecado, que deforma o homem e o afasta da comunh\u00e3o com Deus e com os outros. O leproso que se prostra diante de Jesus, \u00e9 o pecador que reconhece n\u2019Ele o Senhor Ressuscitado e procura n\u2019Ele o perd\u00e3o e a vida. Tamb\u00e9m n\u00f3s podemos nos dirigir a Jesus, que com a Sua miseric\u00f3rdia ultrapassa o abismo da nossa impureza e reconstr\u00f3i, atrav\u00e9s do sinal sacramental, a comunh\u00e3o perdida. Uma vez reconciliados, podemos e devemos nos tornar, para os outros, sinais da Santidade de Deus. Na confiss\u00e3o sacramental n\u00f3s eliminamos os males que mancham o nosso corpo e a nossa alma. Pedir perd\u00e3o \u00e9 o grande momento para iniciarmos uma nova vida. \u00c9 preciso atitude de humildade da nossa parte, pois o Senhor est\u00e1 \u00e0 nossa espera para tamb\u00e9m nos purificar.<\/p>\n<p><strong>Pe. Paulo Eduardo J\u00e1como, SDB.<\/strong><\/p>\n","protected":false},"excerpt":{"rendered":"<p>Sexta-feira, 28 de junho de 2024. &nbsp; Evangelho (Mt 8,1-4) &nbsp; \u201cSenhor, se queres, tu tens o poder de me purificar\u201d &nbsp; 1Tendo Jesus descido&#8230;<\/p>\n","protected":false},"author":1,"featured_media":9440,"comment_status":"closed","ping_status":"closed","sticky":false,"template":"","format":"standard","meta":{"_acf_changed":false,"footnotes":""},"categories":[13],"tags":[],"class_list":["post-9439","post","type-post","status-publish","format-standard","has-post-thumbnail","hentry","category-reflexaodoevagelho"],"acf":[],"yoast_head":"<!-- This site is optimized with the Yoast SEO plugin v27.3 - https:\/\/yoast.com\/product\/yoast-seo-wordpress\/ -->\n<title>28\/06 - Senhor, se queres, tu tens o poder de me purificar. - Pastoral Universit\u00e1ria UniSALESIANO<\/title>\n<meta name=\"robots\" content=\"index, follow, max-snippet:-1, max-image-preview:large, max-video-preview:-1\" \/>\n<link rel=\"canonical\" href=\"https:\/\/unisale.com.br\/novo\/28-06-senhor-se-queres-tu-tens-o-poder-de-me-purificar\/\" \/>\n<meta property=\"og:locale\" content=\"pt_BR\" \/>\n<meta property=\"og:type\" content=\"article\" \/>\n<meta property=\"og:title\" content=\"28\/06 - Senhor, se queres, tu tens o poder de me purificar. - Pastoral Universit\u00e1ria UniSALESIANO\" \/>\n<meta property=\"og:description\" content=\"Sexta-feira, 28 de junho de 2024. &nbsp; Evangelho (Mt 8,1-4) &nbsp; \u201cSenhor, se queres, tu tens o poder de me purificar\u201d &nbsp; 1Tendo Jesus descido...\" \/>\n<meta property=\"og:url\" content=\"https:\/\/unisale.com.br\/novo\/28-06-senhor-se-queres-tu-tens-o-poder-de-me-purificar\/\" \/>\n<meta property=\"og:site_name\" content=\"Pastoral Universit\u00e1ria UniSALESIANO\" \/>\n<meta property=\"article:published_time\" content=\"2024-06-19T10:26:22+00:00\" \/>\n<meta name=\"author\" content=\"pastoral\" \/>\n<meta name=\"twitter:card\" content=\"summary_large_image\" \/>\n<meta name=\"twitter:label1\" content=\"Escrito por\" \/>\n\t<meta name=\"twitter:data1\" content=\"pastoral\" \/>\n\t<meta name=\"twitter:label2\" content=\"Est. tempo de leitura\" \/>\n\t<meta name=\"twitter:data2\" content=\"2 minutos\" \/>\n<script type=\"application\/ld+json\" class=\"yoast-schema-graph\">{\"@context\":\"https:\\\/\\\/schema.org\",\"@graph\":[{\"@type\":\"Article\",\"@id\":\"https:\\\/\\\/unisale.com.br\\\/novo\\\/28-06-senhor-se-queres-tu-tens-o-poder-de-me-purificar\\\/#article\",\"isPartOf\":{\"@id\":\"https:\\\/\\\/unisale.com.br\\\/novo\\\/28-06-senhor-se-queres-tu-tens-o-poder-de-me-purificar\\\/\"},\"author\":{\"name\":\"pastoral\",\"@id\":\"https:\\\/\\\/unisale.com.br\\\/pastoral\\\/#\\\/schema\\\/person\\\/a16ba711a0f7dec9cb6b44563144d5a3\"},\"headline\":\"28\\\/06 &#8211; Senhor, se queres, tu tens o poder de me purificar.\",\"datePublished\":\"2024-06-19T10:26:22+00:00\",\"mainEntityOfPage\":{\"@id\":\"https:\\\/\\\/unisale.com.br\\\/novo\\\/28-06-senhor-se-queres-tu-tens-o-poder-de-me-purificar\\\/\"},\"wordCount\":442,\"image\":{\"@id\":\"https:\\\/\\\/unisale.com.br\\\/novo\\\/28-06-senhor-se-queres-tu-tens-o-poder-de-me-purificar\\\/#primaryimage\"},\"thumbnailUrl\":\"https:\\\/\\\/unisale.com.br\\\/pastoral\\\/wp-content\\\/uploads\\\/2024\\\/06\\\/leproso.jpeg\",\"articleSection\":[\"Reflex\u00e3o do Evangelho\"],\"inLanguage\":\"pt-BR\"},{\"@type\":\"WebPage\",\"@id\":\"https:\\\/\\\/unisale.com.br\\\/novo\\\/28-06-senhor-se-queres-tu-tens-o-poder-de-me-purificar\\\/\",\"url\":\"https:\\\/\\\/unisale.com.br\\\/novo\\\/28-06-senhor-se-queres-tu-tens-o-poder-de-me-purificar\\\/\",\"name\":\"28\\\/06 - Senhor, se queres, tu tens o poder de me purificar. - Pastoral Universit\u00e1ria UniSALESIANO\",\"isPartOf\":{\"@id\":\"https:\\\/\\\/unisale.com.br\\\/pastoral\\\/#website\"},\"primaryImageOfPage\":{\"@id\":\"https:\\\/\\\/unisale.com.br\\\/novo\\\/28-06-senhor-se-queres-tu-tens-o-poder-de-me-purificar\\\/#primaryimage\"},\"image\":{\"@id\":\"https:\\\/\\\/unisale.com.br\\\/novo\\\/28-06-senhor-se-queres-tu-tens-o-poder-de-me-purificar\\\/#primaryimage\"},\"thumbnailUrl\":\"https:\\\/\\\/unisale.com.br\\\/pastoral\\\/wp-content\\\/uploads\\\/2024\\\/06\\\/leproso.jpeg\",\"datePublished\":\"2024-06-19T10:26:22+00:00\",\"author\":{\"@id\":\"https:\\\/\\\/unisale.com.br\\\/pastoral\\\/#\\\/schema\\\/person\\\/a16ba711a0f7dec9cb6b44563144d5a3\"},\"inLanguage\":\"pt-BR\",\"potentialAction\":[{\"@type\":\"ReadAction\",\"target\":[\"https:\\\/\\\/unisale.com.br\\\/novo\\\/28-06-senhor-se-queres-tu-tens-o-poder-de-me-purificar\\\/\"]}]},{\"@type\":\"ImageObject\",\"inLanguage\":\"pt-BR\",\"@id\":\"https:\\\/\\\/unisale.com.br\\\/novo\\\/28-06-senhor-se-queres-tu-tens-o-poder-de-me-purificar\\\/#primaryimage\",\"url\":\"https:\\\/\\\/unisale.com.br\\\/pastoral\\\/wp-content\\\/uploads\\\/2024\\\/06\\\/leproso.jpeg\",\"contentUrl\":\"https:\\\/\\\/unisale.com.br\\\/pastoral\\\/wp-content\\\/uploads\\\/2024\\\/06\\\/leproso.jpeg\",\"width\":667,\"height\":500},{\"@type\":\"WebSite\",\"@id\":\"https:\\\/\\\/unisale.com.br\\\/pastoral\\\/#website\",\"url\":\"https:\\\/\\\/unisale.com.br\\\/pastoral\\\/\",\"name\":\"Pastoral Universit\u00e1ria UniSALESIANO\",\"description\":\"Site da Pastoral Universit\u00e1ria do UniSALESIANO\",\"potentialAction\":[{\"@type\":\"SearchAction\",\"target\":{\"@type\":\"EntryPoint\",\"urlTemplate\":\"https:\\\/\\\/unisale.com.br\\\/pastoral\\\/?s={search_term_string}\"},\"query-input\":{\"@type\":\"PropertyValueSpecification\",\"valueRequired\":true,\"valueName\":\"search_term_string\"}}],\"inLanguage\":\"pt-BR\"},{\"@type\":\"Person\",\"@id\":\"https:\\\/\\\/unisale.com.br\\\/pastoral\\\/#\\\/schema\\\/person\\\/a16ba711a0f7dec9cb6b44563144d5a3\",\"name\":\"pastoral\",\"url\":\"https:\\\/\\\/unisale.com.br\\\/pastoral\\\/author\\\/pastoral\\\/\"}]}<\/script>\n<!-- \/ Yoast SEO plugin. -->","yoast_head_json":{"title":"28\/06 - Senhor, se queres, tu tens o poder de me purificar. - Pastoral Universit\u00e1ria UniSALESIANO","robots":{"index":"index","follow":"follow","max-snippet":"max-snippet:-1","max-image-preview":"max-image-preview:large","max-video-preview":"max-video-preview:-1"},"canonical":"https:\/\/unisale.com.br\/novo\/28-06-senhor-se-queres-tu-tens-o-poder-de-me-purificar\/","og_locale":"pt_BR","og_type":"article","og_title":"28\/06 - Senhor, se queres, tu tens o poder de me purificar. - Pastoral Universit\u00e1ria UniSALESIANO","og_description":"Sexta-feira, 28 de junho de 2024. &nbsp; Evangelho (Mt 8,1-4) &nbsp; \u201cSenhor, se queres, tu tens o poder de me purificar\u201d &nbsp; 1Tendo Jesus descido...","og_url":"https:\/\/unisale.com.br\/novo\/28-06-senhor-se-queres-tu-tens-o-poder-de-me-purificar\/","og_site_name":"Pastoral Universit\u00e1ria UniSALESIANO","article_published_time":"2024-06-19T10:26:22+00:00","author":"pastoral","twitter_card":"summary_large_image","twitter_misc":{"Escrito por":"pastoral","Est. tempo de leitura":"2 minutos"},"schema":{"@context":"https:\/\/schema.org","@graph":[{"@type":"Article","@id":"https:\/\/unisale.com.br\/novo\/28-06-senhor-se-queres-tu-tens-o-poder-de-me-purificar\/#article","isPartOf":{"@id":"https:\/\/unisale.com.br\/novo\/28-06-senhor-se-queres-tu-tens-o-poder-de-me-purificar\/"},"author":{"name":"pastoral","@id":"https:\/\/unisale.com.br\/pastoral\/#\/schema\/person\/a16ba711a0f7dec9cb6b44563144d5a3"},"headline":"28\/06 &#8211; Senhor, se queres, tu tens o poder de me purificar.","datePublished":"2024-06-19T10:26:22+00:00","mainEntityOfPage":{"@id":"https:\/\/unisale.com.br\/novo\/28-06-senhor-se-queres-tu-tens-o-poder-de-me-purificar\/"},"wordCount":442,"image":{"@id":"https:\/\/unisale.com.br\/novo\/28-06-senhor-se-queres-tu-tens-o-poder-de-me-purificar\/#primaryimage"},"thumbnailUrl":"https:\/\/unisale.com.br\/pastoral\/wp-content\/uploads\/2024\/06\/leproso.jpeg","articleSection":["Reflex\u00e3o do Evangelho"],"inLanguage":"pt-BR"},{"@type":"WebPage","@id":"https:\/\/unisale.com.br\/novo\/28-06-senhor-se-queres-tu-tens-o-poder-de-me-purificar\/","url":"https:\/\/unisale.com.br\/novo\/28-06-senhor-se-queres-tu-tens-o-poder-de-me-purificar\/","name":"28\/06 - Senhor, se queres, tu tens o poder de me purificar. - Pastoral Universit\u00e1ria UniSALESIANO","isPartOf":{"@id":"https:\/\/unisale.com.br\/pastoral\/#website"},"primaryImageOfPage":{"@id":"https:\/\/unisale.com.br\/novo\/28-06-senhor-se-queres-tu-tens-o-poder-de-me-purificar\/#primaryimage"},"image":{"@id":"https:\/\/unisale.com.br\/novo\/28-06-senhor-se-queres-tu-tens-o-poder-de-me-purificar\/#primaryimage"},"thumbnailUrl":"https:\/\/unisale.com.br\/pastoral\/wp-content\/uploads\/2024\/06\/leproso.jpeg","datePublished":"2024-06-19T10:26:22+00:00","author":{"@id":"https:\/\/unisale.com.br\/pastoral\/#\/schema\/person\/a16ba711a0f7dec9cb6b44563144d5a3"},"inLanguage":"pt-BR","potentialAction":[{"@type":"ReadAction","target":["https:\/\/unisale.com.br\/novo\/28-06-senhor-se-queres-tu-tens-o-poder-de-me-purificar\/"]}]},{"@type":"ImageObject","inLanguage":"pt-BR","@id":"https:\/\/unisale.com.br\/novo\/28-06-senhor-se-queres-tu-tens-o-poder-de-me-purificar\/#primaryimage","url":"https:\/\/unisale.com.br\/pastoral\/wp-content\/uploads\/2024\/06\/leproso.jpeg","contentUrl":"https:\/\/unisale.com.br\/pastoral\/wp-content\/uploads\/2024\/06\/leproso.jpeg","width":667,"height":500},{"@type":"WebSite","@id":"https:\/\/unisale.com.br\/pastoral\/#website","url":"https:\/\/unisale.com.br\/pastoral\/","name":"Pastoral Universit\u00e1ria UniSALESIANO","description":"Site da Pastoral Universit\u00e1ria do UniSALESIANO","potentialAction":[{"@type":"SearchAction","target":{"@type":"EntryPoint","urlTemplate":"https:\/\/unisale.com.br\/pastoral\/?s={search_term_string}"},"query-input":{"@type":"PropertyValueSpecification","valueRequired":true,"valueName":"search_term_string"}}],"inLanguage":"pt-BR"},{"@type":"Person","@id":"https:\/\/unisale.com.br\/pastoral\/#\/schema\/person\/a16ba711a0f7dec9cb6b44563144d5a3","name":"pastoral","url":"https:\/\/unisale.com.br\/pastoral\/author\/pastoral\/"}]}},"_links":{"self":[{"href":"https:\/\/unisale.com.br\/pastoral\/wp-json\/wp\/v2\/posts\/9439","targetHints":{"allow":["GET"]}}],"collection":[{"href":"https:\/\/unisale.com.br\/pastoral\/wp-json\/wp\/v2\/posts"}],"about":[{"href":"https:\/\/unisale.com.br\/pastoral\/wp-json\/wp\/v2\/types\/post"}],"author":[{"embeddable":true,"href":"https:\/\/unisale.com.br\/pastoral\/wp-json\/wp\/v2\/users\/1"}],"replies":[{"embeddable":true,"href":"https:\/\/unisale.com.br\/pastoral\/wp-json\/wp\/v2\/comments?post=9439"}],"version-history":[{"count":0,"href":"https:\/\/unisale.com.br\/pastoral\/wp-json\/wp\/v2\/posts\/9439\/revisions"}],"wp:featuredmedia":[{"embeddable":true,"href":"https:\/\/unisale.com.br\/pastoral\/wp-json\/wp\/v2\/media\/9440"}],"wp:attachment":[{"href":"https:\/\/unisale.com.br\/pastoral\/wp-json\/wp\/v2\/media?parent=9439"}],"wp:term":[{"taxonomy":"category","embeddable":true,"href":"https:\/\/unisale.com.br\/pastoral\/wp-json\/wp\/v2\/categories?post=9439"},{"taxonomy":"post_tag","embeddable":true,"href":"https:\/\/unisale.com.br\/pastoral\/wp-json\/wp\/v2\/tags?post=9439"}],"curies":[{"name":"wp","href":"https:\/\/api.w.org\/{rel}","templated":true}]}}