{"id":9460,"date":"2024-07-11T12:28:39","date_gmt":"2024-07-11T12:28:39","guid":{"rendered":"https:\/\/unisale.com.br\/pastoral\/?p=9460"},"modified":"2024-07-11T12:28:39","modified_gmt":"2024-07-11T12:28:39","slug":"03-07-meu-senhor-e-meu-deus-2","status":"publish","type":"post","link":"https:\/\/unisale.com.br\/pastoral\/03-07-meu-senhor-e-meu-deus-2\/","title":{"rendered":"03\/07 &#8211; Meu Senhor e meu Deus!"},"content":{"rendered":"<p>Quarta-feira, 03 de Julho de 2024.<\/p>\n<p>&nbsp;<\/p>\n<p>Evangelho (Jo 20,24-29)<\/p>\n<p><strong>\u00a0<\/strong><\/p>\n<p><strong><em>\u201cMeu Senhor e meu Deus!\u201d<\/em><\/strong><\/p>\n<p><sup>24<\/sup>Tom\u00e9, chamado D\u00eddimo, que era um dos doze, n\u00e3o estava com eles quando Jesus veio.\u00a0<sup>25<\/sup>Os outros disc\u00edpulos contaram-lhe depois: \u201cVimos o Senhor!\u201d Mas Tom\u00e9 disse-lhes: \u201cSe eu n\u00e3o vir a marca dos pregos em suas m\u00e3os, se eu n\u00e3o puser o dedo nas marcas dos pregos e n\u00e3o puser a m\u00e3o no seu lado, n\u00e3o acreditarei\u201d.\u00a0<sup>26<\/sup>Oito dias depois, encontravam-se os disc\u00edpulos novamente reunidos em casa, e Tom\u00e9 estava com eles. Estando fechadas as portas, Jesus entrou, p\u00f4s-se no meio deles e disse: \u201cA paz esteja convosco\u201d.\u00a0<sup>27<\/sup>Depois disse a Tom\u00e9: \u201cP\u00f5e o teu dedo aqui e olha as minhas m\u00e3os. Estende a tua m\u00e3o e coloca-a no meu lado. E n\u00e3o sejas incr\u00e9dulo, mas fiel\u201d.\u00a0<sup>28<\/sup>Tom\u00e9 respondeu: \u201cMeu Senhor e meu Deus!\u201d\u00a0<sup>29<\/sup>Jesus lhe disse: \u201cAcreditaste porque me viste? Bem-aventurados os que creram sem terem visto!\u201d<\/p>\n<p><strong>Reflex\u00e3o<\/strong><\/p>\n<p>Hoje a Igreja celebra a festa de S\u00e3o Tom\u00e9, ap\u00f3stolo. E o evangelho nos apresenta justamente a cena que faz de Tom\u00e9 um como n\u00f3s. Celebrar a festa de S\u00e3o Tom\u00e9 \u00e9 ocasi\u00e3o para dar espa\u00e7o \u00e0 parte de n\u00f3s que cr\u00ea com fadiga e fadiga crer sem perder a f\u00e9. A f\u00e9 \u00e9 provada na experi\u00eancia do falimento. O \u201cquerer ver\u201d de S\u00e3o Tom\u00e9 \u00e9 uma escola de f\u00e9, mais que um sinal de incredulidade. A f\u00e9 n\u00e3o \u00e9 ades\u00e3o a uma not\u00edcia cred\u00edvel pelo fato da autoridade de quem a transmite, mas a f\u00e9 \u00e9 um risco pessoal. Se trata de uma ades\u00e3o que passa por uma revis\u00e3o generosa das pr\u00f3prias posi\u00e7\u00f5es e uma releitura honesta das pr\u00f3prias feridas na rela\u00e7\u00e3o consigo mesmo, com os outros e com Deus.<\/p>\n<p>A experi\u00eancia com o Ressuscitado, a experi\u00eancia de poder tocar o lado aberto de Jesus, fez S\u00e3o Tom\u00e9 exclamar: \u201cMeu Senhor e meu Deus!\u201d. S\u00e3o Tom\u00e9 reconhece aqui o humano e o divino de Jesus. \u00c9 o homem Jesus que estava com eles e comia com eles, mas \u00e9 tamb\u00e9m o seu Senhor e Deus.<\/p>\n<p>Jesus repreende S\u00e3o Tom\u00e9 e acrescenta: \u201cBem-aventurados os que creram sem terem visto!\u201d N\u00f3s somos estes \u201cbem-aventurados\u201d. N\u00e3o vimos Jesus morto e nem ressuscitado, mas n\u00f3s cremos. Mas podemos ainda dizer: eu creio Senhor, mas aumenta a minha f\u00e9.<\/p>\n<p>&nbsp;<\/p>\n<p><strong>Pe. Paulo Eduardo J\u00e1como, SDB.\u00a0<\/strong><\/p>\n","protected":false},"excerpt":{"rendered":"<p>Quarta-feira, 03 de Julho de 2024. &nbsp; Evangelho (Jo 20,24-29) \u00a0 \u201cMeu Senhor e meu Deus!\u201d 24Tom\u00e9, chamado D\u00eddimo, que era um dos doze, n\u00e3o&#8230;<\/p>\n","protected":false},"author":1,"featured_media":9461,"comment_status":"closed","ping_status":"closed","sticky":false,"template":"","format":"standard","meta":{"_acf_changed":false,"footnotes":""},"categories":[13],"tags":[],"class_list":["post-9460","post","type-post","status-publish","format-standard","has-post-thumbnail","hentry","category-reflexaodoevagelho"],"acf":[],"yoast_head":"<!-- This site is optimized with the Yoast SEO plugin v27.3 - https:\/\/yoast.com\/product\/yoast-seo-wordpress\/ -->\n<title>03\/07 - Meu Senhor e meu Deus! - Pastoral Universit\u00e1ria UniSALESIANO<\/title>\n<meta name=\"robots\" content=\"index, follow, max-snippet:-1, max-image-preview:large, max-video-preview:-1\" \/>\n<link rel=\"canonical\" href=\"https:\/\/unisale.com.br\/novo\/03-07-meu-senhor-e-meu-deus-2\/\" \/>\n<meta property=\"og:locale\" content=\"pt_BR\" \/>\n<meta property=\"og:type\" content=\"article\" \/>\n<meta property=\"og:title\" content=\"03\/07 - Meu Senhor e meu Deus! - Pastoral Universit\u00e1ria UniSALESIANO\" \/>\n<meta property=\"og:description\" content=\"Quarta-feira, 03 de Julho de 2024. &nbsp; Evangelho (Jo 20,24-29) \u00a0 \u201cMeu Senhor e meu Deus!\u201d 24Tom\u00e9, chamado D\u00eddimo, que era um dos doze, n\u00e3o...\" \/>\n<meta property=\"og:url\" content=\"https:\/\/unisale.com.br\/novo\/03-07-meu-senhor-e-meu-deus-2\/\" \/>\n<meta property=\"og:site_name\" content=\"Pastoral Universit\u00e1ria UniSALESIANO\" \/>\n<meta property=\"article:published_time\" content=\"2024-07-11T12:28:39+00:00\" \/>\n<meta name=\"author\" content=\"pastoral\" \/>\n<meta name=\"twitter:card\" content=\"summary_large_image\" \/>\n<meta name=\"twitter:label1\" content=\"Escrito por\" \/>\n\t<meta name=\"twitter:data1\" content=\"pastoral\" \/>\n\t<meta name=\"twitter:label2\" content=\"Est. tempo de leitura\" \/>\n\t<meta name=\"twitter:data2\" content=\"2 minutos\" \/>\n<script type=\"application\/ld+json\" class=\"yoast-schema-graph\">{\"@context\":\"https:\\\/\\\/schema.org\",\"@graph\":[{\"@type\":\"Article\",\"@id\":\"https:\\\/\\\/unisale.com.br\\\/novo\\\/03-07-meu-senhor-e-meu-deus-2\\\/#article\",\"isPartOf\":{\"@id\":\"https:\\\/\\\/unisale.com.br\\\/novo\\\/03-07-meu-senhor-e-meu-deus-2\\\/\"},\"author\":{\"name\":\"pastoral\",\"@id\":\"https:\\\/\\\/unisale.com.br\\\/pastoral\\\/#\\\/schema\\\/person\\\/a16ba711a0f7dec9cb6b44563144d5a3\"},\"headline\":\"03\\\/07 &#8211; Meu Senhor e meu Deus!\",\"datePublished\":\"2024-07-11T12:28:39+00:00\",\"mainEntityOfPage\":{\"@id\":\"https:\\\/\\\/unisale.com.br\\\/novo\\\/03-07-meu-senhor-e-meu-deus-2\\\/\"},\"wordCount\":427,\"image\":{\"@id\":\"https:\\\/\\\/unisale.com.br\\\/novo\\\/03-07-meu-senhor-e-meu-deus-2\\\/#primaryimage\"},\"thumbnailUrl\":\"https:\\\/\\\/unisale.com.br\\\/pastoral\\\/wp-content\\\/uploads\\\/2024\\\/07\\\/Jesus-e-Tome.jpg\",\"articleSection\":[\"Reflex\u00e3o do Evangelho\"],\"inLanguage\":\"pt-BR\"},{\"@type\":\"WebPage\",\"@id\":\"https:\\\/\\\/unisale.com.br\\\/novo\\\/03-07-meu-senhor-e-meu-deus-2\\\/\",\"url\":\"https:\\\/\\\/unisale.com.br\\\/novo\\\/03-07-meu-senhor-e-meu-deus-2\\\/\",\"name\":\"03\\\/07 - Meu Senhor e meu Deus! - Pastoral Universit\u00e1ria UniSALESIANO\",\"isPartOf\":{\"@id\":\"https:\\\/\\\/unisale.com.br\\\/pastoral\\\/#website\"},\"primaryImageOfPage\":{\"@id\":\"https:\\\/\\\/unisale.com.br\\\/novo\\\/03-07-meu-senhor-e-meu-deus-2\\\/#primaryimage\"},\"image\":{\"@id\":\"https:\\\/\\\/unisale.com.br\\\/novo\\\/03-07-meu-senhor-e-meu-deus-2\\\/#primaryimage\"},\"thumbnailUrl\":\"https:\\\/\\\/unisale.com.br\\\/pastoral\\\/wp-content\\\/uploads\\\/2024\\\/07\\\/Jesus-e-Tome.jpg\",\"datePublished\":\"2024-07-11T12:28:39+00:00\",\"author\":{\"@id\":\"https:\\\/\\\/unisale.com.br\\\/pastoral\\\/#\\\/schema\\\/person\\\/a16ba711a0f7dec9cb6b44563144d5a3\"},\"inLanguage\":\"pt-BR\",\"potentialAction\":[{\"@type\":\"ReadAction\",\"target\":[\"https:\\\/\\\/unisale.com.br\\\/novo\\\/03-07-meu-senhor-e-meu-deus-2\\\/\"]}]},{\"@type\":\"ImageObject\",\"inLanguage\":\"pt-BR\",\"@id\":\"https:\\\/\\\/unisale.com.br\\\/novo\\\/03-07-meu-senhor-e-meu-deus-2\\\/#primaryimage\",\"url\":\"https:\\\/\\\/unisale.com.br\\\/pastoral\\\/wp-content\\\/uploads\\\/2024\\\/07\\\/Jesus-e-Tome.jpg\",\"contentUrl\":\"https:\\\/\\\/unisale.com.br\\\/pastoral\\\/wp-content\\\/uploads\\\/2024\\\/07\\\/Jesus-e-Tome.jpg\",\"width\":1000,\"height\":500},{\"@type\":\"WebSite\",\"@id\":\"https:\\\/\\\/unisale.com.br\\\/pastoral\\\/#website\",\"url\":\"https:\\\/\\\/unisale.com.br\\\/pastoral\\\/\",\"name\":\"Pastoral Universit\u00e1ria UniSALESIANO\",\"description\":\"Site da Pastoral Universit\u00e1ria do UniSALESIANO\",\"potentialAction\":[{\"@type\":\"SearchAction\",\"target\":{\"@type\":\"EntryPoint\",\"urlTemplate\":\"https:\\\/\\\/unisale.com.br\\\/pastoral\\\/?s={search_term_string}\"},\"query-input\":{\"@type\":\"PropertyValueSpecification\",\"valueRequired\":true,\"valueName\":\"search_term_string\"}}],\"inLanguage\":\"pt-BR\"},{\"@type\":\"Person\",\"@id\":\"https:\\\/\\\/unisale.com.br\\\/pastoral\\\/#\\\/schema\\\/person\\\/a16ba711a0f7dec9cb6b44563144d5a3\",\"name\":\"pastoral\",\"url\":\"https:\\\/\\\/unisale.com.br\\\/pastoral\\\/author\\\/pastoral\\\/\"}]}<\/script>\n<!-- \/ Yoast SEO plugin. -->","yoast_head_json":{"title":"03\/07 - Meu Senhor e meu Deus! - Pastoral Universit\u00e1ria UniSALESIANO","robots":{"index":"index","follow":"follow","max-snippet":"max-snippet:-1","max-image-preview":"max-image-preview:large","max-video-preview":"max-video-preview:-1"},"canonical":"https:\/\/unisale.com.br\/novo\/03-07-meu-senhor-e-meu-deus-2\/","og_locale":"pt_BR","og_type":"article","og_title":"03\/07 - Meu Senhor e meu Deus! - Pastoral Universit\u00e1ria UniSALESIANO","og_description":"Quarta-feira, 03 de Julho de 2024. &nbsp; Evangelho (Jo 20,24-29) \u00a0 \u201cMeu Senhor e meu Deus!\u201d 24Tom\u00e9, chamado D\u00eddimo, que era um dos doze, n\u00e3o...","og_url":"https:\/\/unisale.com.br\/novo\/03-07-meu-senhor-e-meu-deus-2\/","og_site_name":"Pastoral Universit\u00e1ria UniSALESIANO","article_published_time":"2024-07-11T12:28:39+00:00","author":"pastoral","twitter_card":"summary_large_image","twitter_misc":{"Escrito por":"pastoral","Est. tempo de leitura":"2 minutos"},"schema":{"@context":"https:\/\/schema.org","@graph":[{"@type":"Article","@id":"https:\/\/unisale.com.br\/novo\/03-07-meu-senhor-e-meu-deus-2\/#article","isPartOf":{"@id":"https:\/\/unisale.com.br\/novo\/03-07-meu-senhor-e-meu-deus-2\/"},"author":{"name":"pastoral","@id":"https:\/\/unisale.com.br\/pastoral\/#\/schema\/person\/a16ba711a0f7dec9cb6b44563144d5a3"},"headline":"03\/07 &#8211; Meu Senhor e meu Deus!","datePublished":"2024-07-11T12:28:39+00:00","mainEntityOfPage":{"@id":"https:\/\/unisale.com.br\/novo\/03-07-meu-senhor-e-meu-deus-2\/"},"wordCount":427,"image":{"@id":"https:\/\/unisale.com.br\/novo\/03-07-meu-senhor-e-meu-deus-2\/#primaryimage"},"thumbnailUrl":"https:\/\/unisale.com.br\/pastoral\/wp-content\/uploads\/2024\/07\/Jesus-e-Tome.jpg","articleSection":["Reflex\u00e3o do Evangelho"],"inLanguage":"pt-BR"},{"@type":"WebPage","@id":"https:\/\/unisale.com.br\/novo\/03-07-meu-senhor-e-meu-deus-2\/","url":"https:\/\/unisale.com.br\/novo\/03-07-meu-senhor-e-meu-deus-2\/","name":"03\/07 - Meu Senhor e meu Deus! - Pastoral Universit\u00e1ria UniSALESIANO","isPartOf":{"@id":"https:\/\/unisale.com.br\/pastoral\/#website"},"primaryImageOfPage":{"@id":"https:\/\/unisale.com.br\/novo\/03-07-meu-senhor-e-meu-deus-2\/#primaryimage"},"image":{"@id":"https:\/\/unisale.com.br\/novo\/03-07-meu-senhor-e-meu-deus-2\/#primaryimage"},"thumbnailUrl":"https:\/\/unisale.com.br\/pastoral\/wp-content\/uploads\/2024\/07\/Jesus-e-Tome.jpg","datePublished":"2024-07-11T12:28:39+00:00","author":{"@id":"https:\/\/unisale.com.br\/pastoral\/#\/schema\/person\/a16ba711a0f7dec9cb6b44563144d5a3"},"inLanguage":"pt-BR","potentialAction":[{"@type":"ReadAction","target":["https:\/\/unisale.com.br\/novo\/03-07-meu-senhor-e-meu-deus-2\/"]}]},{"@type":"ImageObject","inLanguage":"pt-BR","@id":"https:\/\/unisale.com.br\/novo\/03-07-meu-senhor-e-meu-deus-2\/#primaryimage","url":"https:\/\/unisale.com.br\/pastoral\/wp-content\/uploads\/2024\/07\/Jesus-e-Tome.jpg","contentUrl":"https:\/\/unisale.com.br\/pastoral\/wp-content\/uploads\/2024\/07\/Jesus-e-Tome.jpg","width":1000,"height":500},{"@type":"WebSite","@id":"https:\/\/unisale.com.br\/pastoral\/#website","url":"https:\/\/unisale.com.br\/pastoral\/","name":"Pastoral Universit\u00e1ria UniSALESIANO","description":"Site da Pastoral Universit\u00e1ria do UniSALESIANO","potentialAction":[{"@type":"SearchAction","target":{"@type":"EntryPoint","urlTemplate":"https:\/\/unisale.com.br\/pastoral\/?s={search_term_string}"},"query-input":{"@type":"PropertyValueSpecification","valueRequired":true,"valueName":"search_term_string"}}],"inLanguage":"pt-BR"},{"@type":"Person","@id":"https:\/\/unisale.com.br\/pastoral\/#\/schema\/person\/a16ba711a0f7dec9cb6b44563144d5a3","name":"pastoral","url":"https:\/\/unisale.com.br\/pastoral\/author\/pastoral\/"}]}},"_links":{"self":[{"href":"https:\/\/unisale.com.br\/pastoral\/wp-json\/wp\/v2\/posts\/9460","targetHints":{"allow":["GET"]}}],"collection":[{"href":"https:\/\/unisale.com.br\/pastoral\/wp-json\/wp\/v2\/posts"}],"about":[{"href":"https:\/\/unisale.com.br\/pastoral\/wp-json\/wp\/v2\/types\/post"}],"author":[{"embeddable":true,"href":"https:\/\/unisale.com.br\/pastoral\/wp-json\/wp\/v2\/users\/1"}],"replies":[{"embeddable":true,"href":"https:\/\/unisale.com.br\/pastoral\/wp-json\/wp\/v2\/comments?post=9460"}],"version-history":[{"count":0,"href":"https:\/\/unisale.com.br\/pastoral\/wp-json\/wp\/v2\/posts\/9460\/revisions"}],"wp:featuredmedia":[{"embeddable":true,"href":"https:\/\/unisale.com.br\/pastoral\/wp-json\/wp\/v2\/media\/9461"}],"wp:attachment":[{"href":"https:\/\/unisale.com.br\/pastoral\/wp-json\/wp\/v2\/media?parent=9460"}],"wp:term":[{"taxonomy":"category","embeddable":true,"href":"https:\/\/unisale.com.br\/pastoral\/wp-json\/wp\/v2\/categories?post=9460"},{"taxonomy":"post_tag","embeddable":true,"href":"https:\/\/unisale.com.br\/pastoral\/wp-json\/wp\/v2\/tags?post=9460"}],"curies":[{"name":"wp","href":"https:\/\/api.w.org\/{rel}","templated":true}]}}