{"id":9475,"date":"2024-07-11T12:35:24","date_gmt":"2024-07-11T12:35:24","guid":{"rendered":"https:\/\/unisale.com.br\/pastoral\/?p=9475"},"modified":"2024-07-11T12:35:24","modified_gmt":"2024-07-11T12:35:24","slug":"08-07-coragem-filha-a-tua-fe-te-salvou","status":"publish","type":"post","link":"https:\/\/unisale.com.br\/pastoral\/08-07-coragem-filha-a-tua-fe-te-salvou\/","title":{"rendered":"08\/07 &#8211; Coragem filha, a tua f\u00e9 te salvou."},"content":{"rendered":"<p>Segunda-feira, 08 de julho de 2024.<\/p>\n<p>&nbsp;<\/p>\n<p>Evangelho (Mt 9,18-26)<\/p>\n<p>&nbsp;<\/p>\n<p><strong>\u201cCoragem filha, a tua f\u00e9 te salvou\u201d<\/strong><\/p>\n<p>&nbsp;<\/p>\n<p><sup>18<\/sup>Enquanto Jesus estava falando, um chefe aproximou-se, inclinou-se profundamente diante dele, e disse: \u201cMinha filha acaba de morrer. Mas vem, imp\u00f5e tua m\u00e3o sobre ela e ela viver\u00e1\u201d. <sup>19<\/sup>Jesus levantou-se e o seguiu, junto com os seus disc\u00edpulos. <sup>20<\/sup>Nisto, uma mulher que sofria de hemorragia h\u00e1 doze anos veio por tr\u00e1s dele e tocou a barra do seu manto. <sup>21<\/sup>Ela pensava consigo: \u201cSe eu conseguir ao menos tocar no manto dele, ficarei curada\u201d. <sup>22<\/sup>Jesus voltou-se e, ao v\u00ea-la, disse: \u201cCoragem, filha! A tua f\u00e9 te salvou\u201d. E a mulher ficou curada a partir daquele instante. <sup>23<\/sup>Chegando \u00e0 casa do chefe, Jesus viu os tocadores de flauta e a multid\u00e3o alvoro\u00e7ada, <sup>24<\/sup>e disse: \u201cRetirai-vos, porque a menina n\u00e3o morreu, mas est\u00e1 dormindo\u201d. E come\u00e7aram a ca\u00e7oar dele. <sup>25<\/sup>Quando a multid\u00e3o foi afastada, Jesus entrou, tomou a menina pela m\u00e3o, e ela se levantou. <sup>26<\/sup>Essa not\u00edcia espalhou-se por toda aquela regi\u00e3o.<\/p>\n<p>&nbsp;<\/p>\n<p><strong>Reflex\u00e3o<\/strong><\/p>\n<p>&nbsp;<\/p>\n<p>\u201cMinha filha acaba de morrer. Mas vem, imp\u00f5e tua m\u00e3o sobre ela, e ela viver\u00e1\u201d. Que gesto bonito deste pai, e que f\u00e9! Como pai ele fez tudo pela sua filha, at\u00e9 onde ele podia, at\u00e9 o seu limite. A consci\u00eancia do seu limite fez com que apelasse para Deus. Jesus foi golpeado pelo amor de um pai que exercita a sua paternidade de uma forma extraordin\u00e1ria. O pai confia a Jesus aquilo que ele n\u00e3o podia fazer: \u201cMas vem, imp\u00f5e tua m\u00e3o sobre ela, e ela viver\u00e1\u201d. Este pai \u00e9 para n\u00f3s um modelo a ser seguido. N\u00f3s tamb\u00e9m podemos fazer o nosso melhor pelo outro, mas tamb\u00e9m temos o nosso limite, ent\u00e3o, o que excede o nosso limite, n\u00f3s confiamos a Deus. O milagre que aconteceu \u00e9 fruto da confian\u00e7a, da f\u00e9 deste pai que pede pela sua filha. Este epis\u00f3dio do evangelho de hoje \u00e9 um convite a cada um de n\u00f3s para nos abrirmos a esta gra\u00e7a de Deus que est\u00e1 al\u00e9m do que somos e do que podemos fazer. Jesus atende a s\u00faplica deste pai porque percebe nele a gra\u00e7a da humildade. Ele se reconhece impotente, mas tamb\u00e9m sabe reconhecer que o Deus que est\u00e1 em Jesus \u00e9 o Deus do imposs\u00edvel. Tenho certeza de que todos os dias, de nossa boca, ecoa a ora\u00e7\u00e3o onde dizemos: \u201cSeja feita a tua vontade\u201d. Estas palavras saem de nossa boca, mas nem sempre saem do nosso cora\u00e7\u00e3o. \u00c9 preciso que confiemos na \u201cvontade\u201d de Deus sobre a nossa vida. Se isso fosse mais consciente em n\u00f3s, tenho certeza que ter\u00edamos mais vis\u00e3o para percebermos os \u201cmilagres\u201d de Deus em nossa vida e que acontecem a todo momento.<\/p>\n<p>&nbsp;<\/p>\n<p><strong>Pe. Paulo Eduardo J\u00e1como, SDB.\u00a0<\/strong><\/p>\n","protected":false},"excerpt":{"rendered":"<p>Segunda-feira, 08 de julho de 2024. &nbsp; Evangelho (Mt 9,18-26) &nbsp; \u201cCoragem filha, a tua f\u00e9 te salvou\u201d &nbsp; 18Enquanto Jesus estava falando, um chefe&#8230;<\/p>\n","protected":false},"author":1,"featured_media":9476,"comment_status":"closed","ping_status":"closed","sticky":false,"template":"","format":"standard","meta":{"_acf_changed":false,"footnotes":""},"categories":[13],"tags":[],"class_list":["post-9475","post","type-post","status-publish","format-standard","has-post-thumbnail","hentry","category-reflexaodoevagelho"],"acf":[],"yoast_head":"<!-- This site is optimized with the Yoast SEO plugin v27.3 - https:\/\/yoast.com\/product\/yoast-seo-wordpress\/ -->\n<title>08\/07 - Coragem filha, a tua f\u00e9 te salvou. - Pastoral Universit\u00e1ria UniSALESIANO<\/title>\n<meta name=\"robots\" content=\"index, follow, max-snippet:-1, max-image-preview:large, max-video-preview:-1\" \/>\n<link rel=\"canonical\" href=\"https:\/\/unisale.com.br\/novo\/08-07-coragem-filha-a-tua-fe-te-salvou\/\" \/>\n<meta property=\"og:locale\" content=\"pt_BR\" \/>\n<meta property=\"og:type\" content=\"article\" \/>\n<meta property=\"og:title\" content=\"08\/07 - Coragem filha, a tua f\u00e9 te salvou. - Pastoral Universit\u00e1ria UniSALESIANO\" \/>\n<meta property=\"og:description\" content=\"Segunda-feira, 08 de julho de 2024. &nbsp; Evangelho (Mt 9,18-26) &nbsp; \u201cCoragem filha, a tua f\u00e9 te salvou\u201d &nbsp; 18Enquanto Jesus estava falando, um chefe...\" \/>\n<meta property=\"og:url\" content=\"https:\/\/unisale.com.br\/novo\/08-07-coragem-filha-a-tua-fe-te-salvou\/\" \/>\n<meta property=\"og:site_name\" content=\"Pastoral Universit\u00e1ria UniSALESIANO\" \/>\n<meta property=\"article:published_time\" content=\"2024-07-11T12:35:24+00:00\" \/>\n<meta name=\"author\" content=\"pastoral\" \/>\n<meta name=\"twitter:card\" content=\"summary_large_image\" \/>\n<meta name=\"twitter:label1\" content=\"Escrito por\" \/>\n\t<meta name=\"twitter:data1\" content=\"pastoral\" \/>\n\t<meta name=\"twitter:label2\" content=\"Est. tempo de leitura\" \/>\n\t<meta name=\"twitter:data2\" content=\"2 minutos\" \/>\n<script type=\"application\/ld+json\" class=\"yoast-schema-graph\">{\"@context\":\"https:\\\/\\\/schema.org\",\"@graph\":[{\"@type\":\"Article\",\"@id\":\"https:\\\/\\\/unisale.com.br\\\/novo\\\/08-07-coragem-filha-a-tua-fe-te-salvou\\\/#article\",\"isPartOf\":{\"@id\":\"https:\\\/\\\/unisale.com.br\\\/novo\\\/08-07-coragem-filha-a-tua-fe-te-salvou\\\/\"},\"author\":{\"name\":\"pastoral\",\"@id\":\"https:\\\/\\\/unisale.com.br\\\/pastoral\\\/#\\\/schema\\\/person\\\/a16ba711a0f7dec9cb6b44563144d5a3\"},\"headline\":\"08\\\/07 &#8211; Coragem filha, a tua f\u00e9 te salvou.\",\"datePublished\":\"2024-07-11T12:35:24+00:00\",\"mainEntityOfPage\":{\"@id\":\"https:\\\/\\\/unisale.com.br\\\/novo\\\/08-07-coragem-filha-a-tua-fe-te-salvou\\\/\"},\"wordCount\":500,\"image\":{\"@id\":\"https:\\\/\\\/unisale.com.br\\\/novo\\\/08-07-coragem-filha-a-tua-fe-te-salvou\\\/#primaryimage\"},\"thumbnailUrl\":\"https:\\\/\\\/unisale.com.br\\\/pastoral\\\/wp-content\\\/uploads\\\/2024\\\/07\\\/download-2.jpeg\",\"articleSection\":[\"Reflex\u00e3o do Evangelho\"],\"inLanguage\":\"pt-BR\"},{\"@type\":\"WebPage\",\"@id\":\"https:\\\/\\\/unisale.com.br\\\/novo\\\/08-07-coragem-filha-a-tua-fe-te-salvou\\\/\",\"url\":\"https:\\\/\\\/unisale.com.br\\\/novo\\\/08-07-coragem-filha-a-tua-fe-te-salvou\\\/\",\"name\":\"08\\\/07 - Coragem filha, a tua f\u00e9 te salvou. - Pastoral Universit\u00e1ria UniSALESIANO\",\"isPartOf\":{\"@id\":\"https:\\\/\\\/unisale.com.br\\\/pastoral\\\/#website\"},\"primaryImageOfPage\":{\"@id\":\"https:\\\/\\\/unisale.com.br\\\/novo\\\/08-07-coragem-filha-a-tua-fe-te-salvou\\\/#primaryimage\"},\"image\":{\"@id\":\"https:\\\/\\\/unisale.com.br\\\/novo\\\/08-07-coragem-filha-a-tua-fe-te-salvou\\\/#primaryimage\"},\"thumbnailUrl\":\"https:\\\/\\\/unisale.com.br\\\/pastoral\\\/wp-content\\\/uploads\\\/2024\\\/07\\\/download-2.jpeg\",\"datePublished\":\"2024-07-11T12:35:24+00:00\",\"author\":{\"@id\":\"https:\\\/\\\/unisale.com.br\\\/pastoral\\\/#\\\/schema\\\/person\\\/a16ba711a0f7dec9cb6b44563144d5a3\"},\"inLanguage\":\"pt-BR\",\"potentialAction\":[{\"@type\":\"ReadAction\",\"target\":[\"https:\\\/\\\/unisale.com.br\\\/novo\\\/08-07-coragem-filha-a-tua-fe-te-salvou\\\/\"]}]},{\"@type\":\"ImageObject\",\"inLanguage\":\"pt-BR\",\"@id\":\"https:\\\/\\\/unisale.com.br\\\/novo\\\/08-07-coragem-filha-a-tua-fe-te-salvou\\\/#primaryimage\",\"url\":\"https:\\\/\\\/unisale.com.br\\\/pastoral\\\/wp-content\\\/uploads\\\/2024\\\/07\\\/download-2.jpeg\",\"contentUrl\":\"https:\\\/\\\/unisale.com.br\\\/pastoral\\\/wp-content\\\/uploads\\\/2024\\\/07\\\/download-2.jpeg\",\"width\":286,\"height\":176},{\"@type\":\"WebSite\",\"@id\":\"https:\\\/\\\/unisale.com.br\\\/pastoral\\\/#website\",\"url\":\"https:\\\/\\\/unisale.com.br\\\/pastoral\\\/\",\"name\":\"Pastoral Universit\u00e1ria UniSALESIANO\",\"description\":\"Site da Pastoral Universit\u00e1ria do UniSALESIANO\",\"potentialAction\":[{\"@type\":\"SearchAction\",\"target\":{\"@type\":\"EntryPoint\",\"urlTemplate\":\"https:\\\/\\\/unisale.com.br\\\/pastoral\\\/?s={search_term_string}\"},\"query-input\":{\"@type\":\"PropertyValueSpecification\",\"valueRequired\":true,\"valueName\":\"search_term_string\"}}],\"inLanguage\":\"pt-BR\"},{\"@type\":\"Person\",\"@id\":\"https:\\\/\\\/unisale.com.br\\\/pastoral\\\/#\\\/schema\\\/person\\\/a16ba711a0f7dec9cb6b44563144d5a3\",\"name\":\"pastoral\",\"url\":\"https:\\\/\\\/unisale.com.br\\\/pastoral\\\/author\\\/pastoral\\\/\"}]}<\/script>\n<!-- \/ Yoast SEO plugin. -->","yoast_head_json":{"title":"08\/07 - Coragem filha, a tua f\u00e9 te salvou. - Pastoral Universit\u00e1ria UniSALESIANO","robots":{"index":"index","follow":"follow","max-snippet":"max-snippet:-1","max-image-preview":"max-image-preview:large","max-video-preview":"max-video-preview:-1"},"canonical":"https:\/\/unisale.com.br\/novo\/08-07-coragem-filha-a-tua-fe-te-salvou\/","og_locale":"pt_BR","og_type":"article","og_title":"08\/07 - Coragem filha, a tua f\u00e9 te salvou. - Pastoral Universit\u00e1ria UniSALESIANO","og_description":"Segunda-feira, 08 de julho de 2024. &nbsp; Evangelho (Mt 9,18-26) &nbsp; \u201cCoragem filha, a tua f\u00e9 te salvou\u201d &nbsp; 18Enquanto Jesus estava falando, um chefe...","og_url":"https:\/\/unisale.com.br\/novo\/08-07-coragem-filha-a-tua-fe-te-salvou\/","og_site_name":"Pastoral Universit\u00e1ria UniSALESIANO","article_published_time":"2024-07-11T12:35:24+00:00","author":"pastoral","twitter_card":"summary_large_image","twitter_misc":{"Escrito por":"pastoral","Est. tempo de leitura":"2 minutos"},"schema":{"@context":"https:\/\/schema.org","@graph":[{"@type":"Article","@id":"https:\/\/unisale.com.br\/novo\/08-07-coragem-filha-a-tua-fe-te-salvou\/#article","isPartOf":{"@id":"https:\/\/unisale.com.br\/novo\/08-07-coragem-filha-a-tua-fe-te-salvou\/"},"author":{"name":"pastoral","@id":"https:\/\/unisale.com.br\/pastoral\/#\/schema\/person\/a16ba711a0f7dec9cb6b44563144d5a3"},"headline":"08\/07 &#8211; Coragem filha, a tua f\u00e9 te salvou.","datePublished":"2024-07-11T12:35:24+00:00","mainEntityOfPage":{"@id":"https:\/\/unisale.com.br\/novo\/08-07-coragem-filha-a-tua-fe-te-salvou\/"},"wordCount":500,"image":{"@id":"https:\/\/unisale.com.br\/novo\/08-07-coragem-filha-a-tua-fe-te-salvou\/#primaryimage"},"thumbnailUrl":"https:\/\/unisale.com.br\/pastoral\/wp-content\/uploads\/2024\/07\/download-2.jpeg","articleSection":["Reflex\u00e3o do Evangelho"],"inLanguage":"pt-BR"},{"@type":"WebPage","@id":"https:\/\/unisale.com.br\/novo\/08-07-coragem-filha-a-tua-fe-te-salvou\/","url":"https:\/\/unisale.com.br\/novo\/08-07-coragem-filha-a-tua-fe-te-salvou\/","name":"08\/07 - Coragem filha, a tua f\u00e9 te salvou. - Pastoral Universit\u00e1ria UniSALESIANO","isPartOf":{"@id":"https:\/\/unisale.com.br\/pastoral\/#website"},"primaryImageOfPage":{"@id":"https:\/\/unisale.com.br\/novo\/08-07-coragem-filha-a-tua-fe-te-salvou\/#primaryimage"},"image":{"@id":"https:\/\/unisale.com.br\/novo\/08-07-coragem-filha-a-tua-fe-te-salvou\/#primaryimage"},"thumbnailUrl":"https:\/\/unisale.com.br\/pastoral\/wp-content\/uploads\/2024\/07\/download-2.jpeg","datePublished":"2024-07-11T12:35:24+00:00","author":{"@id":"https:\/\/unisale.com.br\/pastoral\/#\/schema\/person\/a16ba711a0f7dec9cb6b44563144d5a3"},"inLanguage":"pt-BR","potentialAction":[{"@type":"ReadAction","target":["https:\/\/unisale.com.br\/novo\/08-07-coragem-filha-a-tua-fe-te-salvou\/"]}]},{"@type":"ImageObject","inLanguage":"pt-BR","@id":"https:\/\/unisale.com.br\/novo\/08-07-coragem-filha-a-tua-fe-te-salvou\/#primaryimage","url":"https:\/\/unisale.com.br\/pastoral\/wp-content\/uploads\/2024\/07\/download-2.jpeg","contentUrl":"https:\/\/unisale.com.br\/pastoral\/wp-content\/uploads\/2024\/07\/download-2.jpeg","width":286,"height":176},{"@type":"WebSite","@id":"https:\/\/unisale.com.br\/pastoral\/#website","url":"https:\/\/unisale.com.br\/pastoral\/","name":"Pastoral Universit\u00e1ria UniSALESIANO","description":"Site da Pastoral Universit\u00e1ria do UniSALESIANO","potentialAction":[{"@type":"SearchAction","target":{"@type":"EntryPoint","urlTemplate":"https:\/\/unisale.com.br\/pastoral\/?s={search_term_string}"},"query-input":{"@type":"PropertyValueSpecification","valueRequired":true,"valueName":"search_term_string"}}],"inLanguage":"pt-BR"},{"@type":"Person","@id":"https:\/\/unisale.com.br\/pastoral\/#\/schema\/person\/a16ba711a0f7dec9cb6b44563144d5a3","name":"pastoral","url":"https:\/\/unisale.com.br\/pastoral\/author\/pastoral\/"}]}},"_links":{"self":[{"href":"https:\/\/unisale.com.br\/pastoral\/wp-json\/wp\/v2\/posts\/9475","targetHints":{"allow":["GET"]}}],"collection":[{"href":"https:\/\/unisale.com.br\/pastoral\/wp-json\/wp\/v2\/posts"}],"about":[{"href":"https:\/\/unisale.com.br\/pastoral\/wp-json\/wp\/v2\/types\/post"}],"author":[{"embeddable":true,"href":"https:\/\/unisale.com.br\/pastoral\/wp-json\/wp\/v2\/users\/1"}],"replies":[{"embeddable":true,"href":"https:\/\/unisale.com.br\/pastoral\/wp-json\/wp\/v2\/comments?post=9475"}],"version-history":[{"count":0,"href":"https:\/\/unisale.com.br\/pastoral\/wp-json\/wp\/v2\/posts\/9475\/revisions"}],"wp:featuredmedia":[{"embeddable":true,"href":"https:\/\/unisale.com.br\/pastoral\/wp-json\/wp\/v2\/media\/9476"}],"wp:attachment":[{"href":"https:\/\/unisale.com.br\/pastoral\/wp-json\/wp\/v2\/media?parent=9475"}],"wp:term":[{"taxonomy":"category","embeddable":true,"href":"https:\/\/unisale.com.br\/pastoral\/wp-json\/wp\/v2\/categories?post=9475"},{"taxonomy":"post_tag","embeddable":true,"href":"https:\/\/unisale.com.br\/pastoral\/wp-json\/wp\/v2\/tags?post=9475"}],"curies":[{"name":"wp","href":"https:\/\/api.w.org\/{rel}","templated":true}]}}