{"id":9502,"date":"2024-07-11T13:06:27","date_gmt":"2024-07-11T13:06:27","guid":{"rendered":"https:\/\/unisale.com.br\/pastoral\/?p=9502"},"modified":"2024-07-11T13:06:27","modified_gmt":"2024-07-11T13:06:27","slug":"15-07-quem-nao-toma-a-sua-cruz-e-nao-me-segue-nao-e-digno-de-mim","status":"publish","type":"post","link":"https:\/\/unisale.com.br\/pastoral\/15-07-quem-nao-toma-a-sua-cruz-e-nao-me-segue-nao-e-digno-de-mim\/","title":{"rendered":"15\/07 &#8211; Quem n\u00e3o toma a sua cruz e n\u00e3o me segue n\u00e3o \u00e9 digno de mim."},"content":{"rendered":"<p>Segunda-feira, 15 de julho de 2024.<\/p>\n<p>&nbsp;<\/p>\n<p>Evangelho (Mt 10,34-11,1)<\/p>\n<p>&nbsp;<\/p>\n<p><strong>\u201cQuem n\u00e3o toma a sua cruz e n\u00e3o me segue n\u00e3o \u00e9 digno de mim\u201d<\/strong><\/p>\n<p>&nbsp;<\/p>\n<p>Naquele tempo, disse Jesus aos seus disc\u00edpulos: <sup>10,34<\/sup>\u201cN\u00e3o penseis que vim trazer a paz \u00e0 terra; n\u00e3o vim trazer a paz, mas sim a espada. <sup>35<\/sup>De fato, vim separar o filho de seu pai, a filha de sua m\u00e3e, a nora de sua sogra. <sup>36<\/sup>E os inimigos do homem ser\u00e3o os seus pr\u00f3prios familiares. <sup>37<\/sup>Quem ama seu pai ou sua m\u00e3e mais do que a mim, n\u00e3o \u00e9 digno de mim. Quem ama seu filho ou sua filha mais do que a mim, n\u00e3o \u00e9 digno de mim. <sup>38<\/sup>Quem n\u00e3o toma a sua cruz e n\u00e3o me segue, n\u00e3o \u00e9 digno de mim. <sup>39<\/sup>Quem procura conservar a sua vida vai perd\u00ea-la. E quem perde a sua vida por causa de mim vai encontr\u00e1-la. <sup>40<\/sup>Quem vos recebe a mim recebe; e quem me recebe, recebe aquele que me enviou. <sup>41<\/sup>Quem recebe um profeta, por ser profeta, receber\u00e1 a recompensa de profeta. E quem recebe um justo, por ser justo, receber\u00e1 a recompensa de justo. <sup>42<\/sup>Quem der, ainda que seja apenas um copo de \u00e1gua fresca, a um desses pequeninos, por ser meu disc\u00edpulo, em verdade vos digo: n\u00e3o perder\u00e1 a sua recompensa\u201d. <sup>11,1<\/sup>Quando Jesus acabou de dar essas instru\u00e7\u00f5es aos doze disc\u00edpulos, partiu da\u00ed, a fim de ensinar e pregar nas cidades deles.<\/p>\n<p>&nbsp;<\/p>\n<p><strong>Reflex\u00e3o<\/strong><\/p>\n<p>&nbsp;<\/p>\n<p>As palavras do evangelho de Hoje s\u00e3o particularmente exigentes. Jesus \u00e9 claro ao alertar sobre a possibilidade de separa\u00e7\u00f5es familiares por causa d\u2019Ele, isto \u00e9, devido a f\u00e9 em Jesus. Quando Jesus fala: \u201cN\u00e3o vim trazer a paz, mas sim a espada\u201d, Ele n\u00e3o quer dizer com isso que Ele veio trazer a guerra. O que Jesus est\u00e1 querendo sublinhar \u00e9 a prioridade da ades\u00e3o pessoal e da fidelidade a Ele, pela qual \u00e9 necess\u00e1rio enfrentar conflitos dolorosos. \u00c9 importante sabe que todos os la\u00e7os de solidariedade e de amor s\u00f3 encontram a verdade na obedi\u00eancia ao Senhor que chama, mediante a f\u00e9. Nas rela\u00e7\u00f5es familiares \u00e9 preciso distinguir as a\u00e7\u00f5es das mentalidades e pr\u00e1ticas que cada um usa. O Seguimento de Cristo nos condiciona a t\u00ea-lo em primeiro lugar na nossa vida. N\u00e3o podemos seguir o ensinamento de pessoas que contradizem os ensinamentos de Jesus, mesmo que estas fa\u00e7am parte da nossa fam\u00edlia. A espada trazida por Jesus n\u00e3o \u00e9 uma arma violenta, mas \u00e9 a espada que penetra cada um de n\u00f3s e sonda os nossos sentimentos e pensamentos mais \u00edntimos. \u00c9 a espada que, originando a verdade, d\u00e1 a vida, faz a justi\u00e7a, livra do medo e de toda forma de hipocrisia e injusti\u00e7a, e nos torna dignos de Jesus. Esta espada revela a falsidade daqueles que dizem ter tomado a pr\u00f3pria cruz e n\u00e3o a tomaram. Esta espada \u00e9 a pr\u00f3pria Palavra de Deus que profeticamente revela a falsidade das nossas pr\u00e1ticas de culto e tamb\u00e9m a falsidade do nosso modo de viver o seguimento de Cristo. Tomar a cruz \u00e9 percorrer com a mesma obedi\u00eancia ao Pai, o caminho de Jesus. \u00c9 percorrer o caminho d\u2019Aquele que aceitou \u201cperde-se\u201d para que n\u00f3s tiv\u00e9ssemos vida. S\u00f3 no seguimento a Jesus \u00e9 que podemos encontrar vida. Aquilo que parece preju\u00edzo, mesmo que se tratem das rela\u00e7\u00f5es familiares, torna-se motivo de plenitude de vida. Essa vida \u00e9 tamb\u00e9m recompensa para aqueles que acolherem os disc\u00edpulos de Cristo, mesmo atrav\u00e9s do gesto mais simples e cotidiano.<\/p>\n<p><strong>Pe. Paulo Eduardo J\u00e1como, SDB.\u00a0<\/strong><\/p>\n","protected":false},"excerpt":{"rendered":"<p>Segunda-feira, 15 de julho de 2024. &nbsp; Evangelho (Mt 10,34-11,1) &nbsp; \u201cQuem n\u00e3o toma a sua cruz e n\u00e3o me segue n\u00e3o \u00e9 digno de&#8230;<\/p>\n","protected":false},"author":1,"featured_media":9503,"comment_status":"closed","ping_status":"closed","sticky":false,"template":"","format":"standard","meta":{"_acf_changed":false,"footnotes":""},"categories":[13],"tags":[],"class_list":["post-9502","post","type-post","status-publish","format-standard","has-post-thumbnail","hentry","category-reflexaodoevagelho"],"acf":[],"yoast_head":"<!-- This site is optimized with the Yoast SEO plugin v27.3 - https:\/\/yoast.com\/product\/yoast-seo-wordpress\/ -->\n<title>15\/07 - Quem n\u00e3o toma a sua cruz e n\u00e3o me segue n\u00e3o \u00e9 digno de mim. - Pastoral Universit\u00e1ria UniSALESIANO<\/title>\n<meta name=\"robots\" content=\"index, follow, max-snippet:-1, max-image-preview:large, max-video-preview:-1\" \/>\n<link rel=\"canonical\" href=\"https:\/\/unisale.com.br\/novo\/15-07-quem-nao-toma-a-sua-cruz-e-nao-me-segue-nao-e-digno-de-mim\/\" \/>\n<meta property=\"og:locale\" content=\"pt_BR\" \/>\n<meta property=\"og:type\" content=\"article\" \/>\n<meta property=\"og:title\" content=\"15\/07 - Quem n\u00e3o toma a sua cruz e n\u00e3o me segue n\u00e3o \u00e9 digno de mim. - Pastoral Universit\u00e1ria UniSALESIANO\" \/>\n<meta property=\"og:description\" content=\"Segunda-feira, 15 de julho de 2024. &nbsp; Evangelho (Mt 10,34-11,1) &nbsp; \u201cQuem n\u00e3o toma a sua cruz e n\u00e3o me segue n\u00e3o \u00e9 digno de...\" \/>\n<meta property=\"og:url\" content=\"https:\/\/unisale.com.br\/novo\/15-07-quem-nao-toma-a-sua-cruz-e-nao-me-segue-nao-e-digno-de-mim\/\" \/>\n<meta property=\"og:site_name\" content=\"Pastoral Universit\u00e1ria UniSALESIANO\" \/>\n<meta property=\"article:published_time\" content=\"2024-07-11T13:06:27+00:00\" \/>\n<meta name=\"author\" content=\"pastoral\" \/>\n<meta name=\"twitter:card\" content=\"summary_large_image\" \/>\n<meta name=\"twitter:label1\" content=\"Escrito por\" \/>\n\t<meta name=\"twitter:data1\" content=\"pastoral\" \/>\n\t<meta name=\"twitter:label2\" content=\"Est. tempo de leitura\" \/>\n\t<meta name=\"twitter:data2\" content=\"3 minutos\" \/>\n<script type=\"application\/ld+json\" class=\"yoast-schema-graph\">{\"@context\":\"https:\\\/\\\/schema.org\",\"@graph\":[{\"@type\":\"Article\",\"@id\":\"https:\\\/\\\/unisale.com.br\\\/novo\\\/15-07-quem-nao-toma-a-sua-cruz-e-nao-me-segue-nao-e-digno-de-mim\\\/#article\",\"isPartOf\":{\"@id\":\"https:\\\/\\\/unisale.com.br\\\/novo\\\/15-07-quem-nao-toma-a-sua-cruz-e-nao-me-segue-nao-e-digno-de-mim\\\/\"},\"author\":{\"name\":\"pastoral\",\"@id\":\"https:\\\/\\\/unisale.com.br\\\/pastoral\\\/#\\\/schema\\\/person\\\/a16ba711a0f7dec9cb6b44563144d5a3\"},\"headline\":\"15\\\/07 &#8211; Quem n\u00e3o toma a sua cruz e n\u00e3o me segue n\u00e3o \u00e9 digno de mim.\",\"datePublished\":\"2024-07-11T13:06:27+00:00\",\"mainEntityOfPage\":{\"@id\":\"https:\\\/\\\/unisale.com.br\\\/novo\\\/15-07-quem-nao-toma-a-sua-cruz-e-nao-me-segue-nao-e-digno-de-mim\\\/\"},\"wordCount\":638,\"image\":{\"@id\":\"https:\\\/\\\/unisale.com.br\\\/novo\\\/15-07-quem-nao-toma-a-sua-cruz-e-nao-me-segue-nao-e-digno-de-mim\\\/#primaryimage\"},\"thumbnailUrl\":\"https:\\\/\\\/unisale.com.br\\\/pastoral\\\/wp-content\\\/uploads\\\/2024\\\/07\\\/download-4.jpeg\",\"articleSection\":[\"Reflex\u00e3o do Evangelho\"],\"inLanguage\":\"pt-BR\"},{\"@type\":\"WebPage\",\"@id\":\"https:\\\/\\\/unisale.com.br\\\/novo\\\/15-07-quem-nao-toma-a-sua-cruz-e-nao-me-segue-nao-e-digno-de-mim\\\/\",\"url\":\"https:\\\/\\\/unisale.com.br\\\/novo\\\/15-07-quem-nao-toma-a-sua-cruz-e-nao-me-segue-nao-e-digno-de-mim\\\/\",\"name\":\"15\\\/07 - Quem n\u00e3o toma a sua cruz e n\u00e3o me segue n\u00e3o \u00e9 digno de mim. - Pastoral Universit\u00e1ria UniSALESIANO\",\"isPartOf\":{\"@id\":\"https:\\\/\\\/unisale.com.br\\\/pastoral\\\/#website\"},\"primaryImageOfPage\":{\"@id\":\"https:\\\/\\\/unisale.com.br\\\/novo\\\/15-07-quem-nao-toma-a-sua-cruz-e-nao-me-segue-nao-e-digno-de-mim\\\/#primaryimage\"},\"image\":{\"@id\":\"https:\\\/\\\/unisale.com.br\\\/novo\\\/15-07-quem-nao-toma-a-sua-cruz-e-nao-me-segue-nao-e-digno-de-mim\\\/#primaryimage\"},\"thumbnailUrl\":\"https:\\\/\\\/unisale.com.br\\\/pastoral\\\/wp-content\\\/uploads\\\/2024\\\/07\\\/download-4.jpeg\",\"datePublished\":\"2024-07-11T13:06:27+00:00\",\"author\":{\"@id\":\"https:\\\/\\\/unisale.com.br\\\/pastoral\\\/#\\\/schema\\\/person\\\/a16ba711a0f7dec9cb6b44563144d5a3\"},\"inLanguage\":\"pt-BR\",\"potentialAction\":[{\"@type\":\"ReadAction\",\"target\":[\"https:\\\/\\\/unisale.com.br\\\/novo\\\/15-07-quem-nao-toma-a-sua-cruz-e-nao-me-segue-nao-e-digno-de-mim\\\/\"]}]},{\"@type\":\"ImageObject\",\"inLanguage\":\"pt-BR\",\"@id\":\"https:\\\/\\\/unisale.com.br\\\/novo\\\/15-07-quem-nao-toma-a-sua-cruz-e-nao-me-segue-nao-e-digno-de-mim\\\/#primaryimage\",\"url\":\"https:\\\/\\\/unisale.com.br\\\/pastoral\\\/wp-content\\\/uploads\\\/2024\\\/07\\\/download-4.jpeg\",\"contentUrl\":\"https:\\\/\\\/unisale.com.br\\\/pastoral\\\/wp-content\\\/uploads\\\/2024\\\/07\\\/download-4.jpeg\",\"width\":271,\"height\":186},{\"@type\":\"WebSite\",\"@id\":\"https:\\\/\\\/unisale.com.br\\\/pastoral\\\/#website\",\"url\":\"https:\\\/\\\/unisale.com.br\\\/pastoral\\\/\",\"name\":\"Pastoral Universit\u00e1ria UniSALESIANO\",\"description\":\"Site da Pastoral Universit\u00e1ria do UniSALESIANO\",\"potentialAction\":[{\"@type\":\"SearchAction\",\"target\":{\"@type\":\"EntryPoint\",\"urlTemplate\":\"https:\\\/\\\/unisale.com.br\\\/pastoral\\\/?s={search_term_string}\"},\"query-input\":{\"@type\":\"PropertyValueSpecification\",\"valueRequired\":true,\"valueName\":\"search_term_string\"}}],\"inLanguage\":\"pt-BR\"},{\"@type\":\"Person\",\"@id\":\"https:\\\/\\\/unisale.com.br\\\/pastoral\\\/#\\\/schema\\\/person\\\/a16ba711a0f7dec9cb6b44563144d5a3\",\"name\":\"pastoral\",\"url\":\"https:\\\/\\\/unisale.com.br\\\/pastoral\\\/author\\\/pastoral\\\/\"}]}<\/script>\n<!-- \/ Yoast SEO plugin. -->","yoast_head_json":{"title":"15\/07 - Quem n\u00e3o toma a sua cruz e n\u00e3o me segue n\u00e3o \u00e9 digno de mim. - Pastoral Universit\u00e1ria UniSALESIANO","robots":{"index":"index","follow":"follow","max-snippet":"max-snippet:-1","max-image-preview":"max-image-preview:large","max-video-preview":"max-video-preview:-1"},"canonical":"https:\/\/unisale.com.br\/novo\/15-07-quem-nao-toma-a-sua-cruz-e-nao-me-segue-nao-e-digno-de-mim\/","og_locale":"pt_BR","og_type":"article","og_title":"15\/07 - Quem n\u00e3o toma a sua cruz e n\u00e3o me segue n\u00e3o \u00e9 digno de mim. - Pastoral Universit\u00e1ria UniSALESIANO","og_description":"Segunda-feira, 15 de julho de 2024. &nbsp; Evangelho (Mt 10,34-11,1) &nbsp; \u201cQuem n\u00e3o toma a sua cruz e n\u00e3o me segue n\u00e3o \u00e9 digno de...","og_url":"https:\/\/unisale.com.br\/novo\/15-07-quem-nao-toma-a-sua-cruz-e-nao-me-segue-nao-e-digno-de-mim\/","og_site_name":"Pastoral Universit\u00e1ria UniSALESIANO","article_published_time":"2024-07-11T13:06:27+00:00","author":"pastoral","twitter_card":"summary_large_image","twitter_misc":{"Escrito por":"pastoral","Est. tempo de leitura":"3 minutos"},"schema":{"@context":"https:\/\/schema.org","@graph":[{"@type":"Article","@id":"https:\/\/unisale.com.br\/novo\/15-07-quem-nao-toma-a-sua-cruz-e-nao-me-segue-nao-e-digno-de-mim\/#article","isPartOf":{"@id":"https:\/\/unisale.com.br\/novo\/15-07-quem-nao-toma-a-sua-cruz-e-nao-me-segue-nao-e-digno-de-mim\/"},"author":{"name":"pastoral","@id":"https:\/\/unisale.com.br\/pastoral\/#\/schema\/person\/a16ba711a0f7dec9cb6b44563144d5a3"},"headline":"15\/07 &#8211; Quem n\u00e3o toma a sua cruz e n\u00e3o me segue n\u00e3o \u00e9 digno de mim.","datePublished":"2024-07-11T13:06:27+00:00","mainEntityOfPage":{"@id":"https:\/\/unisale.com.br\/novo\/15-07-quem-nao-toma-a-sua-cruz-e-nao-me-segue-nao-e-digno-de-mim\/"},"wordCount":638,"image":{"@id":"https:\/\/unisale.com.br\/novo\/15-07-quem-nao-toma-a-sua-cruz-e-nao-me-segue-nao-e-digno-de-mim\/#primaryimage"},"thumbnailUrl":"https:\/\/unisale.com.br\/pastoral\/wp-content\/uploads\/2024\/07\/download-4.jpeg","articleSection":["Reflex\u00e3o do Evangelho"],"inLanguage":"pt-BR"},{"@type":"WebPage","@id":"https:\/\/unisale.com.br\/novo\/15-07-quem-nao-toma-a-sua-cruz-e-nao-me-segue-nao-e-digno-de-mim\/","url":"https:\/\/unisale.com.br\/novo\/15-07-quem-nao-toma-a-sua-cruz-e-nao-me-segue-nao-e-digno-de-mim\/","name":"15\/07 - Quem n\u00e3o toma a sua cruz e n\u00e3o me segue n\u00e3o \u00e9 digno de mim. - Pastoral Universit\u00e1ria UniSALESIANO","isPartOf":{"@id":"https:\/\/unisale.com.br\/pastoral\/#website"},"primaryImageOfPage":{"@id":"https:\/\/unisale.com.br\/novo\/15-07-quem-nao-toma-a-sua-cruz-e-nao-me-segue-nao-e-digno-de-mim\/#primaryimage"},"image":{"@id":"https:\/\/unisale.com.br\/novo\/15-07-quem-nao-toma-a-sua-cruz-e-nao-me-segue-nao-e-digno-de-mim\/#primaryimage"},"thumbnailUrl":"https:\/\/unisale.com.br\/pastoral\/wp-content\/uploads\/2024\/07\/download-4.jpeg","datePublished":"2024-07-11T13:06:27+00:00","author":{"@id":"https:\/\/unisale.com.br\/pastoral\/#\/schema\/person\/a16ba711a0f7dec9cb6b44563144d5a3"},"inLanguage":"pt-BR","potentialAction":[{"@type":"ReadAction","target":["https:\/\/unisale.com.br\/novo\/15-07-quem-nao-toma-a-sua-cruz-e-nao-me-segue-nao-e-digno-de-mim\/"]}]},{"@type":"ImageObject","inLanguage":"pt-BR","@id":"https:\/\/unisale.com.br\/novo\/15-07-quem-nao-toma-a-sua-cruz-e-nao-me-segue-nao-e-digno-de-mim\/#primaryimage","url":"https:\/\/unisale.com.br\/pastoral\/wp-content\/uploads\/2024\/07\/download-4.jpeg","contentUrl":"https:\/\/unisale.com.br\/pastoral\/wp-content\/uploads\/2024\/07\/download-4.jpeg","width":271,"height":186},{"@type":"WebSite","@id":"https:\/\/unisale.com.br\/pastoral\/#website","url":"https:\/\/unisale.com.br\/pastoral\/","name":"Pastoral Universit\u00e1ria UniSALESIANO","description":"Site da Pastoral Universit\u00e1ria do UniSALESIANO","potentialAction":[{"@type":"SearchAction","target":{"@type":"EntryPoint","urlTemplate":"https:\/\/unisale.com.br\/pastoral\/?s={search_term_string}"},"query-input":{"@type":"PropertyValueSpecification","valueRequired":true,"valueName":"search_term_string"}}],"inLanguage":"pt-BR"},{"@type":"Person","@id":"https:\/\/unisale.com.br\/pastoral\/#\/schema\/person\/a16ba711a0f7dec9cb6b44563144d5a3","name":"pastoral","url":"https:\/\/unisale.com.br\/pastoral\/author\/pastoral\/"}]}},"_links":{"self":[{"href":"https:\/\/unisale.com.br\/pastoral\/wp-json\/wp\/v2\/posts\/9502","targetHints":{"allow":["GET"]}}],"collection":[{"href":"https:\/\/unisale.com.br\/pastoral\/wp-json\/wp\/v2\/posts"}],"about":[{"href":"https:\/\/unisale.com.br\/pastoral\/wp-json\/wp\/v2\/types\/post"}],"author":[{"embeddable":true,"href":"https:\/\/unisale.com.br\/pastoral\/wp-json\/wp\/v2\/users\/1"}],"replies":[{"embeddable":true,"href":"https:\/\/unisale.com.br\/pastoral\/wp-json\/wp\/v2\/comments?post=9502"}],"version-history":[{"count":0,"href":"https:\/\/unisale.com.br\/pastoral\/wp-json\/wp\/v2\/posts\/9502\/revisions"}],"wp:featuredmedia":[{"embeddable":true,"href":"https:\/\/unisale.com.br\/pastoral\/wp-json\/wp\/v2\/media\/9503"}],"wp:attachment":[{"href":"https:\/\/unisale.com.br\/pastoral\/wp-json\/wp\/v2\/media?parent=9502"}],"wp:term":[{"taxonomy":"category","embeddable":true,"href":"https:\/\/unisale.com.br\/pastoral\/wp-json\/wp\/v2\/categories?post=9502"},{"taxonomy":"post_tag","embeddable":true,"href":"https:\/\/unisale.com.br\/pastoral\/wp-json\/wp\/v2\/tags?post=9502"}],"curies":[{"name":"wp","href":"https:\/\/api.w.org\/{rel}","templated":true}]}}