{"id":9515,"date":"2024-07-11T13:45:37","date_gmt":"2024-07-11T13:45:37","guid":{"rendered":"https:\/\/unisale.com.br\/pastoral\/?p=9515"},"modified":"2024-07-11T13:45:37","modified_gmt":"2024-07-11T13:45:37","slug":"18-07-pois-o-meu-jugo-e-suave-e-o-meu-fardo-e-leve","status":"publish","type":"post","link":"https:\/\/unisale.com.br\/pastoral\/18-07-pois-o-meu-jugo-e-suave-e-o-meu-fardo-e-leve\/","title":{"rendered":"18\/07 &#8211; Pois o meu jugo \u00e9 suave e o meu fardo \u00e9 leve."},"content":{"rendered":"<p>Quinta-feira, 18 de julho de 2024.<\/p>\n<p>&nbsp;<\/p>\n<p>Evangelho (Mt 11,28-30)<\/p>\n<p>&nbsp;<\/p>\n<p><strong>\u201cPois o meu jugo \u00e9 suave e o meu fardo \u00e9 leve\u201d<\/strong><\/p>\n<p>&nbsp;<\/p>\n<p>Naquele tempo, tomou Jesus a palavra e disse: <sup>28<\/sup> \u201cVinde a mim todos v\u00f3s que estais cansados e fatigados sob o peso dos vossos fardos, e eu vos darei descanso. <sup>29<\/sup>Tomai sobre v\u00f3s o meu jugo e aprendei de mim, porque sou manso e humilde de cora\u00e7\u00e3o, e v\u00f3s encontrareis descanso. <sup>30<\/sup>Pois o meu jugo \u00e9 suave e o meu fardo \u00e9 leve\u201d.<\/p>\n<p>&nbsp;<\/p>\n<p><strong>Reflex\u00e3o<\/strong><\/p>\n<p><strong>\u00a0<\/strong><\/p>\n<p>Mais do que nunca este convite de Jesus nos \u00e9 conveniente: \u201cVinde a Mim, todos v\u00f3s que estais cansados e fatigados sobe o peso dos vossos fardos&#8230;\u201d Na situa\u00e7\u00e3o que atualmente estamos vivendo, basta olhar para os rostos tristes e amedrontados para perceber a necessidade que a humanidade tem deste \u201cdescanso\u201d. Estamos cansados de ver a tristeza no rosto de tantas fam\u00edlias que perderam entes queridos. Estamos cansados de ver no rosto de tantas pessoas o medo de \u201cser mais um\u201d a perder a vida. Quem mais do que Jesus para poder olhar dentro do cora\u00e7\u00e3o de cada um para perceber que estamos \u201ccansados. Bem que gostar\u00edamos de estar numa situa\u00e7\u00e3o diferente. Mas n\u00f3s podermos estar exaustos, n\u00e3o termos mais for\u00e7as, mais motiva\u00e7\u00f5es, mais esperan\u00e7a. S\u00e3o momentos que n\u00e3o precisamos de mais \u201cserm\u00f5es\u201d, mas de um ombro amigo. Jesus nos oferece o seu \u201combro\u201d como o lugar decisivo onde tudo pode mudar. Ele \u00e9 o Senhor que n\u00e3o imp\u00f5e nem exerce viol\u00eancia, mas se inclina sobre o cora\u00e7\u00e3o do homem para lhe curar as feridas. O seu jugo \u00e9 suave e leve, porque \u00e9 revestido de intenso amor e de profunda compaix\u00e3o. At\u00e9 que a nossa f\u00e9 n\u00e3o se torne experi\u00eancia viva de um \u201centregar-se\u201d e \u201cdeixar-se\u201d ser carregado por Jesus, agora tamb\u00e9m a f\u00e9 pode tornar-se uma das tantas coisas a se fazer na vida. O segredo de tudo \u00e9 saber que n\u00e3o estamos sozinhos com as nossas \u201ccruzes\u201d, e quando n\u00e3o conseguimos mais, Jesus ainda pode e nos carrega misteriosamente. Ser consciente desta linda possibilidade \u00e9 que nos torna \u201cmansos e humildes\u201d, como o cordeiro manso que se deixa carregar nos ombros do \u201cBom Pastor\u201d porque tem confian\u00e7a. Ser \u201cmanso e humilde\u201d \u00e9 o contr\u00e1rio de quem s\u00f3 confia em si mesmo. A certeza da presen\u00e7a de Jesus nos faz abaixar a defesa e nos disp\u00f5e \u00e0 confian\u00e7a. O evangelho de hoje nos ensina que a vida mais dif\u00edcil para cada um de n\u00f3s na realidade coincide com a coisa mais simples que devemos fazer, ou seja, nos colocarmos nos bra\u00e7os de Jesus. Parece que quando nos tornamos adultos n\u00e3o sabemos mais como \u201csubir nos bra\u00e7os do Pai\u201d.<\/p>\n<p><strong>Pe. Paulo Eduardo J\u00e1como, SDB.\u00a0<\/strong><\/p>\n","protected":false},"excerpt":{"rendered":"<p>Quinta-feira, 18 de julho de 2024. &nbsp; Evangelho (Mt 11,28-30) &nbsp; \u201cPois o meu jugo \u00e9 suave e o meu fardo \u00e9 leve\u201d &nbsp; Naquele&#8230;<\/p>\n","protected":false},"author":1,"featured_media":9516,"comment_status":"closed","ping_status":"closed","sticky":false,"template":"","format":"standard","meta":{"_acf_changed":false,"footnotes":""},"categories":[13],"tags":[],"class_list":["post-9515","post","type-post","status-publish","format-standard","has-post-thumbnail","hentry","category-reflexaodoevagelho"],"acf":[],"yoast_head":"<!-- This site is optimized with the Yoast SEO plugin v27.3 - https:\/\/yoast.com\/product\/yoast-seo-wordpress\/ -->\n<title>18\/07 - Pois o meu jugo \u00e9 suave e o meu fardo \u00e9 leve. - Pastoral Universit\u00e1ria UniSALESIANO<\/title>\n<meta name=\"robots\" content=\"index, follow, max-snippet:-1, max-image-preview:large, max-video-preview:-1\" \/>\n<link rel=\"canonical\" href=\"https:\/\/unisale.com.br\/novo\/18-07-pois-o-meu-jugo-e-suave-e-o-meu-fardo-e-leve\/\" \/>\n<meta property=\"og:locale\" content=\"pt_BR\" \/>\n<meta property=\"og:type\" content=\"article\" \/>\n<meta property=\"og:title\" content=\"18\/07 - Pois o meu jugo \u00e9 suave e o meu fardo \u00e9 leve. - Pastoral Universit\u00e1ria UniSALESIANO\" \/>\n<meta property=\"og:description\" content=\"Quinta-feira, 18 de julho de 2024. &nbsp; Evangelho (Mt 11,28-30) &nbsp; \u201cPois o meu jugo \u00e9 suave e o meu fardo \u00e9 leve\u201d &nbsp; Naquele...\" \/>\n<meta property=\"og:url\" content=\"https:\/\/unisale.com.br\/novo\/18-07-pois-o-meu-jugo-e-suave-e-o-meu-fardo-e-leve\/\" \/>\n<meta property=\"og:site_name\" content=\"Pastoral Universit\u00e1ria UniSALESIANO\" \/>\n<meta property=\"article:published_time\" content=\"2024-07-11T13:45:37+00:00\" \/>\n<meta name=\"author\" content=\"pastoral\" \/>\n<meta name=\"twitter:card\" content=\"summary_large_image\" \/>\n<meta name=\"twitter:label1\" content=\"Escrito por\" \/>\n\t<meta name=\"twitter:data1\" content=\"pastoral\" \/>\n\t<meta name=\"twitter:label2\" content=\"Est. tempo de leitura\" \/>\n\t<meta name=\"twitter:data2\" content=\"2 minutos\" \/>\n<script type=\"application\/ld+json\" class=\"yoast-schema-graph\">{\"@context\":\"https:\\\/\\\/schema.org\",\"@graph\":[{\"@type\":\"Article\",\"@id\":\"https:\\\/\\\/unisale.com.br\\\/novo\\\/18-07-pois-o-meu-jugo-e-suave-e-o-meu-fardo-e-leve\\\/#article\",\"isPartOf\":{\"@id\":\"https:\\\/\\\/unisale.com.br\\\/novo\\\/18-07-pois-o-meu-jugo-e-suave-e-o-meu-fardo-e-leve\\\/\"},\"author\":{\"name\":\"pastoral\",\"@id\":\"https:\\\/\\\/unisale.com.br\\\/pastoral\\\/#\\\/schema\\\/person\\\/a16ba711a0f7dec9cb6b44563144d5a3\"},\"headline\":\"18\\\/07 &#8211; Pois o meu jugo \u00e9 suave e o meu fardo \u00e9 leve.\",\"datePublished\":\"2024-07-11T13:45:37+00:00\",\"mainEntityOfPage\":{\"@id\":\"https:\\\/\\\/unisale.com.br\\\/novo\\\/18-07-pois-o-meu-jugo-e-suave-e-o-meu-fardo-e-leve\\\/\"},\"wordCount\":490,\"image\":{\"@id\":\"https:\\\/\\\/unisale.com.br\\\/novo\\\/18-07-pois-o-meu-jugo-e-suave-e-o-meu-fardo-e-leve\\\/#primaryimage\"},\"thumbnailUrl\":\"https:\\\/\\\/unisale.com.br\\\/pastoral\\\/wp-content\\\/uploads\\\/2024\\\/07\\\/Ev-dia-15.07.21.jpg\",\"articleSection\":[\"Reflex\u00e3o do Evangelho\"],\"inLanguage\":\"pt-BR\"},{\"@type\":\"WebPage\",\"@id\":\"https:\\\/\\\/unisale.com.br\\\/novo\\\/18-07-pois-o-meu-jugo-e-suave-e-o-meu-fardo-e-leve\\\/\",\"url\":\"https:\\\/\\\/unisale.com.br\\\/novo\\\/18-07-pois-o-meu-jugo-e-suave-e-o-meu-fardo-e-leve\\\/\",\"name\":\"18\\\/07 - Pois o meu jugo \u00e9 suave e o meu fardo \u00e9 leve. - Pastoral Universit\u00e1ria UniSALESIANO\",\"isPartOf\":{\"@id\":\"https:\\\/\\\/unisale.com.br\\\/pastoral\\\/#website\"},\"primaryImageOfPage\":{\"@id\":\"https:\\\/\\\/unisale.com.br\\\/novo\\\/18-07-pois-o-meu-jugo-e-suave-e-o-meu-fardo-e-leve\\\/#primaryimage\"},\"image\":{\"@id\":\"https:\\\/\\\/unisale.com.br\\\/novo\\\/18-07-pois-o-meu-jugo-e-suave-e-o-meu-fardo-e-leve\\\/#primaryimage\"},\"thumbnailUrl\":\"https:\\\/\\\/unisale.com.br\\\/pastoral\\\/wp-content\\\/uploads\\\/2024\\\/07\\\/Ev-dia-15.07.21.jpg\",\"datePublished\":\"2024-07-11T13:45:37+00:00\",\"author\":{\"@id\":\"https:\\\/\\\/unisale.com.br\\\/pastoral\\\/#\\\/schema\\\/person\\\/a16ba711a0f7dec9cb6b44563144d5a3\"},\"inLanguage\":\"pt-BR\",\"potentialAction\":[{\"@type\":\"ReadAction\",\"target\":[\"https:\\\/\\\/unisale.com.br\\\/novo\\\/18-07-pois-o-meu-jugo-e-suave-e-o-meu-fardo-e-leve\\\/\"]}]},{\"@type\":\"ImageObject\",\"inLanguage\":\"pt-BR\",\"@id\":\"https:\\\/\\\/unisale.com.br\\\/novo\\\/18-07-pois-o-meu-jugo-e-suave-e-o-meu-fardo-e-leve\\\/#primaryimage\",\"url\":\"https:\\\/\\\/unisale.com.br\\\/pastoral\\\/wp-content\\\/uploads\\\/2024\\\/07\\\/Ev-dia-15.07.21.jpg\",\"contentUrl\":\"https:\\\/\\\/unisale.com.br\\\/pastoral\\\/wp-content\\\/uploads\\\/2024\\\/07\\\/Ev-dia-15.07.21.jpg\",\"width\":290,\"height\":174},{\"@type\":\"WebSite\",\"@id\":\"https:\\\/\\\/unisale.com.br\\\/pastoral\\\/#website\",\"url\":\"https:\\\/\\\/unisale.com.br\\\/pastoral\\\/\",\"name\":\"Pastoral Universit\u00e1ria UniSALESIANO\",\"description\":\"Site da Pastoral Universit\u00e1ria do UniSALESIANO\",\"potentialAction\":[{\"@type\":\"SearchAction\",\"target\":{\"@type\":\"EntryPoint\",\"urlTemplate\":\"https:\\\/\\\/unisale.com.br\\\/pastoral\\\/?s={search_term_string}\"},\"query-input\":{\"@type\":\"PropertyValueSpecification\",\"valueRequired\":true,\"valueName\":\"search_term_string\"}}],\"inLanguage\":\"pt-BR\"},{\"@type\":\"Person\",\"@id\":\"https:\\\/\\\/unisale.com.br\\\/pastoral\\\/#\\\/schema\\\/person\\\/a16ba711a0f7dec9cb6b44563144d5a3\",\"name\":\"pastoral\",\"url\":\"https:\\\/\\\/unisale.com.br\\\/pastoral\\\/author\\\/pastoral\\\/\"}]}<\/script>\n<!-- \/ Yoast SEO plugin. -->","yoast_head_json":{"title":"18\/07 - Pois o meu jugo \u00e9 suave e o meu fardo \u00e9 leve. - Pastoral Universit\u00e1ria UniSALESIANO","robots":{"index":"index","follow":"follow","max-snippet":"max-snippet:-1","max-image-preview":"max-image-preview:large","max-video-preview":"max-video-preview:-1"},"canonical":"https:\/\/unisale.com.br\/novo\/18-07-pois-o-meu-jugo-e-suave-e-o-meu-fardo-e-leve\/","og_locale":"pt_BR","og_type":"article","og_title":"18\/07 - Pois o meu jugo \u00e9 suave e o meu fardo \u00e9 leve. - Pastoral Universit\u00e1ria UniSALESIANO","og_description":"Quinta-feira, 18 de julho de 2024. &nbsp; Evangelho (Mt 11,28-30) &nbsp; \u201cPois o meu jugo \u00e9 suave e o meu fardo \u00e9 leve\u201d &nbsp; Naquele...","og_url":"https:\/\/unisale.com.br\/novo\/18-07-pois-o-meu-jugo-e-suave-e-o-meu-fardo-e-leve\/","og_site_name":"Pastoral Universit\u00e1ria UniSALESIANO","article_published_time":"2024-07-11T13:45:37+00:00","author":"pastoral","twitter_card":"summary_large_image","twitter_misc":{"Escrito por":"pastoral","Est. tempo de leitura":"2 minutos"},"schema":{"@context":"https:\/\/schema.org","@graph":[{"@type":"Article","@id":"https:\/\/unisale.com.br\/novo\/18-07-pois-o-meu-jugo-e-suave-e-o-meu-fardo-e-leve\/#article","isPartOf":{"@id":"https:\/\/unisale.com.br\/novo\/18-07-pois-o-meu-jugo-e-suave-e-o-meu-fardo-e-leve\/"},"author":{"name":"pastoral","@id":"https:\/\/unisale.com.br\/pastoral\/#\/schema\/person\/a16ba711a0f7dec9cb6b44563144d5a3"},"headline":"18\/07 &#8211; Pois o meu jugo \u00e9 suave e o meu fardo \u00e9 leve.","datePublished":"2024-07-11T13:45:37+00:00","mainEntityOfPage":{"@id":"https:\/\/unisale.com.br\/novo\/18-07-pois-o-meu-jugo-e-suave-e-o-meu-fardo-e-leve\/"},"wordCount":490,"image":{"@id":"https:\/\/unisale.com.br\/novo\/18-07-pois-o-meu-jugo-e-suave-e-o-meu-fardo-e-leve\/#primaryimage"},"thumbnailUrl":"https:\/\/unisale.com.br\/pastoral\/wp-content\/uploads\/2024\/07\/Ev-dia-15.07.21.jpg","articleSection":["Reflex\u00e3o do Evangelho"],"inLanguage":"pt-BR"},{"@type":"WebPage","@id":"https:\/\/unisale.com.br\/novo\/18-07-pois-o-meu-jugo-e-suave-e-o-meu-fardo-e-leve\/","url":"https:\/\/unisale.com.br\/novo\/18-07-pois-o-meu-jugo-e-suave-e-o-meu-fardo-e-leve\/","name":"18\/07 - Pois o meu jugo \u00e9 suave e o meu fardo \u00e9 leve. - Pastoral Universit\u00e1ria UniSALESIANO","isPartOf":{"@id":"https:\/\/unisale.com.br\/pastoral\/#website"},"primaryImageOfPage":{"@id":"https:\/\/unisale.com.br\/novo\/18-07-pois-o-meu-jugo-e-suave-e-o-meu-fardo-e-leve\/#primaryimage"},"image":{"@id":"https:\/\/unisale.com.br\/novo\/18-07-pois-o-meu-jugo-e-suave-e-o-meu-fardo-e-leve\/#primaryimage"},"thumbnailUrl":"https:\/\/unisale.com.br\/pastoral\/wp-content\/uploads\/2024\/07\/Ev-dia-15.07.21.jpg","datePublished":"2024-07-11T13:45:37+00:00","author":{"@id":"https:\/\/unisale.com.br\/pastoral\/#\/schema\/person\/a16ba711a0f7dec9cb6b44563144d5a3"},"inLanguage":"pt-BR","potentialAction":[{"@type":"ReadAction","target":["https:\/\/unisale.com.br\/novo\/18-07-pois-o-meu-jugo-e-suave-e-o-meu-fardo-e-leve\/"]}]},{"@type":"ImageObject","inLanguage":"pt-BR","@id":"https:\/\/unisale.com.br\/novo\/18-07-pois-o-meu-jugo-e-suave-e-o-meu-fardo-e-leve\/#primaryimage","url":"https:\/\/unisale.com.br\/pastoral\/wp-content\/uploads\/2024\/07\/Ev-dia-15.07.21.jpg","contentUrl":"https:\/\/unisale.com.br\/pastoral\/wp-content\/uploads\/2024\/07\/Ev-dia-15.07.21.jpg","width":290,"height":174},{"@type":"WebSite","@id":"https:\/\/unisale.com.br\/pastoral\/#website","url":"https:\/\/unisale.com.br\/pastoral\/","name":"Pastoral Universit\u00e1ria UniSALESIANO","description":"Site da Pastoral Universit\u00e1ria do UniSALESIANO","potentialAction":[{"@type":"SearchAction","target":{"@type":"EntryPoint","urlTemplate":"https:\/\/unisale.com.br\/pastoral\/?s={search_term_string}"},"query-input":{"@type":"PropertyValueSpecification","valueRequired":true,"valueName":"search_term_string"}}],"inLanguage":"pt-BR"},{"@type":"Person","@id":"https:\/\/unisale.com.br\/pastoral\/#\/schema\/person\/a16ba711a0f7dec9cb6b44563144d5a3","name":"pastoral","url":"https:\/\/unisale.com.br\/pastoral\/author\/pastoral\/"}]}},"_links":{"self":[{"href":"https:\/\/unisale.com.br\/pastoral\/wp-json\/wp\/v2\/posts\/9515","targetHints":{"allow":["GET"]}}],"collection":[{"href":"https:\/\/unisale.com.br\/pastoral\/wp-json\/wp\/v2\/posts"}],"about":[{"href":"https:\/\/unisale.com.br\/pastoral\/wp-json\/wp\/v2\/types\/post"}],"author":[{"embeddable":true,"href":"https:\/\/unisale.com.br\/pastoral\/wp-json\/wp\/v2\/users\/1"}],"replies":[{"embeddable":true,"href":"https:\/\/unisale.com.br\/pastoral\/wp-json\/wp\/v2\/comments?post=9515"}],"version-history":[{"count":0,"href":"https:\/\/unisale.com.br\/pastoral\/wp-json\/wp\/v2\/posts\/9515\/revisions"}],"wp:featuredmedia":[{"embeddable":true,"href":"https:\/\/unisale.com.br\/pastoral\/wp-json\/wp\/v2\/media\/9516"}],"wp:attachment":[{"href":"https:\/\/unisale.com.br\/pastoral\/wp-json\/wp\/v2\/media?parent=9515"}],"wp:term":[{"taxonomy":"category","embeddable":true,"href":"https:\/\/unisale.com.br\/pastoral\/wp-json\/wp\/v2\/categories?post=9515"},{"taxonomy":"post_tag","embeddable":true,"href":"https:\/\/unisale.com.br\/pastoral\/wp-json\/wp\/v2\/tags?post=9515"}],"curies":[{"name":"wp","href":"https:\/\/api.w.org\/{rel}","templated":true}]}}