{"id":9536,"date":"2024-07-11T14:03:18","date_gmt":"2024-07-11T14:03:18","guid":{"rendered":"https:\/\/unisale.com.br\/pastoral\/?p=9536"},"modified":"2024-07-11T14:03:18","modified_gmt":"2024-07-11T14:03:18","slug":"26-07-felizes-sois-vos-porque-vossos-olhos-veem-e-vossos-ouvidos-ouvem-2","status":"publish","type":"post","link":"https:\/\/unisale.com.br\/pastoral\/26-07-felizes-sois-vos-porque-vossos-olhos-veem-e-vossos-ouvidos-ouvem-2\/","title":{"rendered":"26\/07 &#8211; Felizes sois v\u00f3s, porque vossos olhos veem e vossos ouvidos ouvem"},"content":{"rendered":"<p>Sexta-feira, 26 de julho de 2024.<\/p>\n<p>&nbsp;<\/p>\n<p>Evangelho (Mt 13,16-17)<\/p>\n<p>&nbsp;<\/p>\n<p><strong>\u201cFelizes sois v\u00f3s, porque vossos olhos veem e vossos ouvidos ouvem\u201d<\/strong><\/p>\n<p>&nbsp;<\/p>\n<p>Naquele tempo, disse Jesus a seus disc\u00edpulos: <sup>16<\/sup>\u201cFelizes sois v\u00f3s, porque vossos olhos veem e vossos ouvidos ouvem. <sup>17<\/sup>Em verdade vos digo, muitos profetas e justos desejaram ver o que vedes, e n\u00e3o viram, desejaram ouvir o que ouvis, e n\u00e3o ouviram\u201d.<\/p>\n<p>&nbsp;<\/p>\n<p><strong>Reflex\u00e3o<\/strong><\/p>\n<p>&nbsp;<\/p>\n<p>Para os disc\u00edpulos Jesus possui um novo modo de falar. As pessoas ficavam impressionadas com o modo como Ele ensinava: \u201cUm novo ensinamento! Dado com autoridade! Diferente dos escribas! (Mc 7,28). Jesus tinha uma capacidade muito grande de usar imagens muito simples para comparar as coisas de Deus com as coisas da vida que as pessoas conheciam e experimentavam na luta do dia-a-dia para sobreviver. Podemos supor duas coisas: Jesus vivia as coisas do povo e vivia as coisas de Deus. Algumas par\u00e1bolas de Jesus retratavam situa\u00e7\u00f5es que n\u00e3o combinavam com a normalidade da vida do povo. Por exemplo, onde j\u00e1 se viu um pastor que possui cem ovelhas abandone o rebanho das 99 para procurar uma delas que est\u00e1 perdida? Onde j\u00e1 se viu um pai que acolhe com alegria e com festa o filho que gastou toda a sua heran\u00e7a, sem dizer nenhuma palavra de reprova\u00e7\u00e3o? Onde j\u00e1 se viu que um samaritano \u00e9 melhor que um levita e um sacerdote? As par\u00e1bolas que Jesus conta fazem pensar. Faz a pessoa entrar na hist\u00f3ria partindo da sua pr\u00f3pria experi\u00eancia de vida. Faz com que a nossa experi\u00eancia nos fa\u00e7a descobrir que Deus est\u00e1 presente na nossa vida, nos acontecimentos do dia-a-dia. A par\u00e1bola \u00e9 uma forma participativa de ensinar e educar. Ela n\u00e3o faz saber, mas descobrir. A par\u00e1bola muda o olhar, torna contemplativa a pessoa que escuta, a ajuda a observar a realidade. Eis a novidade das par\u00e1bolas de Jesus, diferente do ensinamento dos doutores da Lei que ensinavam que Deus s\u00f3 se manifesta na observ\u00e2ncia da Lei. Para Jesus: O Reino n\u00e3o fruto da observ\u00e2ncia da Lei, o Reino est\u00e1 no meio de n\u00f3s. Mas quem escutava nem sempre entendia.<\/p>\n<p><strong>Pe. Paulo Eduardo J\u00e1como, SDB.\u00a0<\/strong><\/p>\n","protected":false},"excerpt":{"rendered":"<p>Sexta-feira, 26 de julho de 2024. &nbsp; Evangelho (Mt 13,16-17) &nbsp; \u201cFelizes sois v\u00f3s, porque vossos olhos veem e vossos ouvidos ouvem\u201d &nbsp; Naquele tempo,&#8230;<\/p>\n","protected":false},"author":1,"featured_media":9537,"comment_status":"closed","ping_status":"closed","sticky":false,"template":"","format":"standard","meta":{"_acf_changed":false,"footnotes":""},"categories":[13],"tags":[],"class_list":["post-9536","post","type-post","status-publish","format-standard","has-post-thumbnail","hentry","category-reflexaodoevagelho"],"acf":[],"yoast_head":"<!-- This site is optimized with the Yoast SEO plugin v27.3 - https:\/\/yoast.com\/product\/yoast-seo-wordpress\/ -->\n<title>26\/07 - Felizes sois v\u00f3s, porque vossos olhos veem e vossos ouvidos ouvem - Pastoral Universit\u00e1ria UniSALESIANO<\/title>\n<meta name=\"robots\" content=\"index, follow, max-snippet:-1, max-image-preview:large, max-video-preview:-1\" \/>\n<link rel=\"canonical\" href=\"https:\/\/unisale.com.br\/novo\/26-07-felizes-sois-vos-porque-vossos-olhos-veem-e-vossos-ouvidos-ouvem-2\/\" \/>\n<meta property=\"og:locale\" content=\"pt_BR\" \/>\n<meta property=\"og:type\" content=\"article\" \/>\n<meta property=\"og:title\" content=\"26\/07 - Felizes sois v\u00f3s, porque vossos olhos veem e vossos ouvidos ouvem - Pastoral Universit\u00e1ria UniSALESIANO\" \/>\n<meta property=\"og:description\" content=\"Sexta-feira, 26 de julho de 2024. &nbsp; Evangelho (Mt 13,16-17) &nbsp; \u201cFelizes sois v\u00f3s, porque vossos olhos veem e vossos ouvidos ouvem\u201d &nbsp; Naquele tempo,...\" \/>\n<meta property=\"og:url\" content=\"https:\/\/unisale.com.br\/novo\/26-07-felizes-sois-vos-porque-vossos-olhos-veem-e-vossos-ouvidos-ouvem-2\/\" \/>\n<meta property=\"og:site_name\" content=\"Pastoral Universit\u00e1ria UniSALESIANO\" \/>\n<meta property=\"article:published_time\" content=\"2024-07-11T14:03:18+00:00\" \/>\n<meta name=\"author\" content=\"pastoral\" \/>\n<meta name=\"twitter:card\" content=\"summary_large_image\" \/>\n<meta name=\"twitter:label1\" content=\"Escrito por\" \/>\n\t<meta name=\"twitter:data1\" content=\"pastoral\" \/>\n\t<meta name=\"twitter:label2\" content=\"Est. tempo de leitura\" \/>\n\t<meta name=\"twitter:data2\" content=\"2 minutos\" \/>\n<script type=\"application\/ld+json\" class=\"yoast-schema-graph\">{\"@context\":\"https:\\\/\\\/schema.org\",\"@graph\":[{\"@type\":\"Article\",\"@id\":\"https:\\\/\\\/unisale.com.br\\\/novo\\\/26-07-felizes-sois-vos-porque-vossos-olhos-veem-e-vossos-ouvidos-ouvem-2\\\/#article\",\"isPartOf\":{\"@id\":\"https:\\\/\\\/unisale.com.br\\\/novo\\\/26-07-felizes-sois-vos-porque-vossos-olhos-veem-e-vossos-ouvidos-ouvem-2\\\/\"},\"author\":{\"name\":\"pastoral\",\"@id\":\"https:\\\/\\\/unisale.com.br\\\/pastoral\\\/#\\\/schema\\\/person\\\/a16ba711a0f7dec9cb6b44563144d5a3\"},\"headline\":\"26\\\/07 &#8211; Felizes sois v\u00f3s, porque vossos olhos veem e vossos ouvidos ouvem\",\"datePublished\":\"2024-07-11T14:03:18+00:00\",\"mainEntityOfPage\":{\"@id\":\"https:\\\/\\\/unisale.com.br\\\/novo\\\/26-07-felizes-sois-vos-porque-vossos-olhos-veem-e-vossos-ouvidos-ouvem-2\\\/\"},\"wordCount\":391,\"image\":{\"@id\":\"https:\\\/\\\/unisale.com.br\\\/novo\\\/26-07-felizes-sois-vos-porque-vossos-olhos-veem-e-vossos-ouvidos-ouvem-2\\\/#primaryimage\"},\"thumbnailUrl\":\"https:\\\/\\\/unisale.com.br\\\/pastoral\\\/wp-content\\\/uploads\\\/2024\\\/07\\\/ab6765630000ba8a645add49d8994e0b68436a9b.jpeg\",\"articleSection\":[\"Reflex\u00e3o do Evangelho\"],\"inLanguage\":\"pt-BR\"},{\"@type\":\"WebPage\",\"@id\":\"https:\\\/\\\/unisale.com.br\\\/novo\\\/26-07-felizes-sois-vos-porque-vossos-olhos-veem-e-vossos-ouvidos-ouvem-2\\\/\",\"url\":\"https:\\\/\\\/unisale.com.br\\\/novo\\\/26-07-felizes-sois-vos-porque-vossos-olhos-veem-e-vossos-ouvidos-ouvem-2\\\/\",\"name\":\"26\\\/07 - Felizes sois v\u00f3s, porque vossos olhos veem e vossos ouvidos ouvem - Pastoral Universit\u00e1ria UniSALESIANO\",\"isPartOf\":{\"@id\":\"https:\\\/\\\/unisale.com.br\\\/pastoral\\\/#website\"},\"primaryImageOfPage\":{\"@id\":\"https:\\\/\\\/unisale.com.br\\\/novo\\\/26-07-felizes-sois-vos-porque-vossos-olhos-veem-e-vossos-ouvidos-ouvem-2\\\/#primaryimage\"},\"image\":{\"@id\":\"https:\\\/\\\/unisale.com.br\\\/novo\\\/26-07-felizes-sois-vos-porque-vossos-olhos-veem-e-vossos-ouvidos-ouvem-2\\\/#primaryimage\"},\"thumbnailUrl\":\"https:\\\/\\\/unisale.com.br\\\/pastoral\\\/wp-content\\\/uploads\\\/2024\\\/07\\\/ab6765630000ba8a645add49d8994e0b68436a9b.jpeg\",\"datePublished\":\"2024-07-11T14:03:18+00:00\",\"author\":{\"@id\":\"https:\\\/\\\/unisale.com.br\\\/pastoral\\\/#\\\/schema\\\/person\\\/a16ba711a0f7dec9cb6b44563144d5a3\"},\"inLanguage\":\"pt-BR\",\"potentialAction\":[{\"@type\":\"ReadAction\",\"target\":[\"https:\\\/\\\/unisale.com.br\\\/novo\\\/26-07-felizes-sois-vos-porque-vossos-olhos-veem-e-vossos-ouvidos-ouvem-2\\\/\"]}]},{\"@type\":\"ImageObject\",\"inLanguage\":\"pt-BR\",\"@id\":\"https:\\\/\\\/unisale.com.br\\\/novo\\\/26-07-felizes-sois-vos-porque-vossos-olhos-veem-e-vossos-ouvidos-ouvem-2\\\/#primaryimage\",\"url\":\"https:\\\/\\\/unisale.com.br\\\/pastoral\\\/wp-content\\\/uploads\\\/2024\\\/07\\\/ab6765630000ba8a645add49d8994e0b68436a9b.jpeg\",\"contentUrl\":\"https:\\\/\\\/unisale.com.br\\\/pastoral\\\/wp-content\\\/uploads\\\/2024\\\/07\\\/ab6765630000ba8a645add49d8994e0b68436a9b.jpeg\",\"width\":500,\"height\":500},{\"@type\":\"WebSite\",\"@id\":\"https:\\\/\\\/unisale.com.br\\\/pastoral\\\/#website\",\"url\":\"https:\\\/\\\/unisale.com.br\\\/pastoral\\\/\",\"name\":\"Pastoral Universit\u00e1ria UniSALESIANO\",\"description\":\"Site da Pastoral Universit\u00e1ria do UniSALESIANO\",\"potentialAction\":[{\"@type\":\"SearchAction\",\"target\":{\"@type\":\"EntryPoint\",\"urlTemplate\":\"https:\\\/\\\/unisale.com.br\\\/pastoral\\\/?s={search_term_string}\"},\"query-input\":{\"@type\":\"PropertyValueSpecification\",\"valueRequired\":true,\"valueName\":\"search_term_string\"}}],\"inLanguage\":\"pt-BR\"},{\"@type\":\"Person\",\"@id\":\"https:\\\/\\\/unisale.com.br\\\/pastoral\\\/#\\\/schema\\\/person\\\/a16ba711a0f7dec9cb6b44563144d5a3\",\"name\":\"pastoral\",\"url\":\"https:\\\/\\\/unisale.com.br\\\/pastoral\\\/author\\\/pastoral\\\/\"}]}<\/script>\n<!-- \/ Yoast SEO plugin. -->","yoast_head_json":{"title":"26\/07 - Felizes sois v\u00f3s, porque vossos olhos veem e vossos ouvidos ouvem - Pastoral Universit\u00e1ria UniSALESIANO","robots":{"index":"index","follow":"follow","max-snippet":"max-snippet:-1","max-image-preview":"max-image-preview:large","max-video-preview":"max-video-preview:-1"},"canonical":"https:\/\/unisale.com.br\/novo\/26-07-felizes-sois-vos-porque-vossos-olhos-veem-e-vossos-ouvidos-ouvem-2\/","og_locale":"pt_BR","og_type":"article","og_title":"26\/07 - Felizes sois v\u00f3s, porque vossos olhos veem e vossos ouvidos ouvem - Pastoral Universit\u00e1ria UniSALESIANO","og_description":"Sexta-feira, 26 de julho de 2024. &nbsp; Evangelho (Mt 13,16-17) &nbsp; \u201cFelizes sois v\u00f3s, porque vossos olhos veem e vossos ouvidos ouvem\u201d &nbsp; Naquele tempo,...","og_url":"https:\/\/unisale.com.br\/novo\/26-07-felizes-sois-vos-porque-vossos-olhos-veem-e-vossos-ouvidos-ouvem-2\/","og_site_name":"Pastoral Universit\u00e1ria UniSALESIANO","article_published_time":"2024-07-11T14:03:18+00:00","author":"pastoral","twitter_card":"summary_large_image","twitter_misc":{"Escrito por":"pastoral","Est. tempo de leitura":"2 minutos"},"schema":{"@context":"https:\/\/schema.org","@graph":[{"@type":"Article","@id":"https:\/\/unisale.com.br\/novo\/26-07-felizes-sois-vos-porque-vossos-olhos-veem-e-vossos-ouvidos-ouvem-2\/#article","isPartOf":{"@id":"https:\/\/unisale.com.br\/novo\/26-07-felizes-sois-vos-porque-vossos-olhos-veem-e-vossos-ouvidos-ouvem-2\/"},"author":{"name":"pastoral","@id":"https:\/\/unisale.com.br\/pastoral\/#\/schema\/person\/a16ba711a0f7dec9cb6b44563144d5a3"},"headline":"26\/07 &#8211; Felizes sois v\u00f3s, porque vossos olhos veem e vossos ouvidos ouvem","datePublished":"2024-07-11T14:03:18+00:00","mainEntityOfPage":{"@id":"https:\/\/unisale.com.br\/novo\/26-07-felizes-sois-vos-porque-vossos-olhos-veem-e-vossos-ouvidos-ouvem-2\/"},"wordCount":391,"image":{"@id":"https:\/\/unisale.com.br\/novo\/26-07-felizes-sois-vos-porque-vossos-olhos-veem-e-vossos-ouvidos-ouvem-2\/#primaryimage"},"thumbnailUrl":"https:\/\/unisale.com.br\/pastoral\/wp-content\/uploads\/2024\/07\/ab6765630000ba8a645add49d8994e0b68436a9b.jpeg","articleSection":["Reflex\u00e3o do Evangelho"],"inLanguage":"pt-BR"},{"@type":"WebPage","@id":"https:\/\/unisale.com.br\/novo\/26-07-felizes-sois-vos-porque-vossos-olhos-veem-e-vossos-ouvidos-ouvem-2\/","url":"https:\/\/unisale.com.br\/novo\/26-07-felizes-sois-vos-porque-vossos-olhos-veem-e-vossos-ouvidos-ouvem-2\/","name":"26\/07 - Felizes sois v\u00f3s, porque vossos olhos veem e vossos ouvidos ouvem - Pastoral Universit\u00e1ria UniSALESIANO","isPartOf":{"@id":"https:\/\/unisale.com.br\/pastoral\/#website"},"primaryImageOfPage":{"@id":"https:\/\/unisale.com.br\/novo\/26-07-felizes-sois-vos-porque-vossos-olhos-veem-e-vossos-ouvidos-ouvem-2\/#primaryimage"},"image":{"@id":"https:\/\/unisale.com.br\/novo\/26-07-felizes-sois-vos-porque-vossos-olhos-veem-e-vossos-ouvidos-ouvem-2\/#primaryimage"},"thumbnailUrl":"https:\/\/unisale.com.br\/pastoral\/wp-content\/uploads\/2024\/07\/ab6765630000ba8a645add49d8994e0b68436a9b.jpeg","datePublished":"2024-07-11T14:03:18+00:00","author":{"@id":"https:\/\/unisale.com.br\/pastoral\/#\/schema\/person\/a16ba711a0f7dec9cb6b44563144d5a3"},"inLanguage":"pt-BR","potentialAction":[{"@type":"ReadAction","target":["https:\/\/unisale.com.br\/novo\/26-07-felizes-sois-vos-porque-vossos-olhos-veem-e-vossos-ouvidos-ouvem-2\/"]}]},{"@type":"ImageObject","inLanguage":"pt-BR","@id":"https:\/\/unisale.com.br\/novo\/26-07-felizes-sois-vos-porque-vossos-olhos-veem-e-vossos-ouvidos-ouvem-2\/#primaryimage","url":"https:\/\/unisale.com.br\/pastoral\/wp-content\/uploads\/2024\/07\/ab6765630000ba8a645add49d8994e0b68436a9b.jpeg","contentUrl":"https:\/\/unisale.com.br\/pastoral\/wp-content\/uploads\/2024\/07\/ab6765630000ba8a645add49d8994e0b68436a9b.jpeg","width":500,"height":500},{"@type":"WebSite","@id":"https:\/\/unisale.com.br\/pastoral\/#website","url":"https:\/\/unisale.com.br\/pastoral\/","name":"Pastoral Universit\u00e1ria UniSALESIANO","description":"Site da Pastoral Universit\u00e1ria do UniSALESIANO","potentialAction":[{"@type":"SearchAction","target":{"@type":"EntryPoint","urlTemplate":"https:\/\/unisale.com.br\/pastoral\/?s={search_term_string}"},"query-input":{"@type":"PropertyValueSpecification","valueRequired":true,"valueName":"search_term_string"}}],"inLanguage":"pt-BR"},{"@type":"Person","@id":"https:\/\/unisale.com.br\/pastoral\/#\/schema\/person\/a16ba711a0f7dec9cb6b44563144d5a3","name":"pastoral","url":"https:\/\/unisale.com.br\/pastoral\/author\/pastoral\/"}]}},"_links":{"self":[{"href":"https:\/\/unisale.com.br\/pastoral\/wp-json\/wp\/v2\/posts\/9536","targetHints":{"allow":["GET"]}}],"collection":[{"href":"https:\/\/unisale.com.br\/pastoral\/wp-json\/wp\/v2\/posts"}],"about":[{"href":"https:\/\/unisale.com.br\/pastoral\/wp-json\/wp\/v2\/types\/post"}],"author":[{"embeddable":true,"href":"https:\/\/unisale.com.br\/pastoral\/wp-json\/wp\/v2\/users\/1"}],"replies":[{"embeddable":true,"href":"https:\/\/unisale.com.br\/pastoral\/wp-json\/wp\/v2\/comments?post=9536"}],"version-history":[{"count":0,"href":"https:\/\/unisale.com.br\/pastoral\/wp-json\/wp\/v2\/posts\/9536\/revisions"}],"wp:featuredmedia":[{"embeddable":true,"href":"https:\/\/unisale.com.br\/pastoral\/wp-json\/wp\/v2\/media\/9537"}],"wp:attachment":[{"href":"https:\/\/unisale.com.br\/pastoral\/wp-json\/wp\/v2\/media?parent=9536"}],"wp:term":[{"taxonomy":"category","embeddable":true,"href":"https:\/\/unisale.com.br\/pastoral\/wp-json\/wp\/v2\/categories?post=9536"},{"taxonomy":"post_tag","embeddable":true,"href":"https:\/\/unisale.com.br\/pastoral\/wp-json\/wp\/v2\/tags?post=9536"}],"curies":[{"name":"wp","href":"https:\/\/api.w.org\/{rel}","templated":true}]}}