{"id":954,"date":"2021-05-04T14:42:47","date_gmt":"2021-05-04T14:42:47","guid":{"rendered":"https:\/\/unisale.com.br\/pastoral\/?p=954"},"modified":"2021-05-21T11:48:26","modified_gmt":"2021-05-21T11:48:26","slug":"eu-sou-a-videira","status":"publish","type":"post","link":"https:\/\/unisale.com.br\/pastoral\/eu-sou-a-videira\/","title":{"rendered":"05\/05 &#8211; &#8220;Eu sou a videira e v\u00f3s os ramos&#8221;"},"content":{"rendered":"<p><strong>Quarta-feira, 05 de maio de 2021.<\/strong><\/p>\n<p>Evangelho (Jo 15, 1-8)<\/p>\n<p>&nbsp;<\/p>\n<p><strong><em>&#8220;Eu sou a videira e v\u00f3s os ramos&#8221;<\/em><\/strong><\/p>\n<p>Naquele tempo, disse Jesus a seus disc\u00edpulos: <sup>1<\/sup>\u201cEu sou a videira verdadeira, e meu Pai \u00e9 o agricultor. 2Todo ramo que em mim n\u00e3o d\u00e1 fruto ele o corta; e todo ramo que d\u00e1 fruto, ele o limpa, para que d\u00ea mais fruto ainda. <sup>3<\/sup>V\u00f3s j\u00e1 estais limpos por causa da palavra que eu vos falei. <sup>4<\/sup>Permanecei em mim e eu permanecerei em v\u00f3s. Como o ramo n\u00e3o pode dar fruto por si mesmo, se n\u00e3o permanecer na videira, assim tamb\u00e9m v\u00f3s n\u00e3o podereis dar fruto, se n\u00e3o permanecerdes em mim. <sup>5<\/sup>Eu sou a videira e v\u00f3s os ramos. Aquele que permanece em mim e eu nele, esse produz muito fruto; porque sem mim nada podeis fazer. <sup>6<\/sup>Quem n\u00e3o permanecer em mim, ser\u00e1 lan\u00e7ado fora como um ramo e secar\u00e1. Tais ramos s\u00e3o recolhidos, lan\u00e7ados no fogo e queimados. <sup>7<\/sup>Se permanecerdes em mim e minhas palavras permanecerem em v\u00f3s, pedi o que quiserdes e vos ser\u00e1 dado. <sup>8<\/sup>Nisto meu Pai \u00e9 glorificado: que deis muito fruto e vos torneis meus disc\u00edpulos.<\/p>\n<p><strong>\u00a0<\/strong><\/p>\n<p><strong>Reflex\u00e3o<\/strong><\/p>\n<p>Hoje, comtemplamos Jesus circundado pelos Ap\u00f3stolos num clima especial de intimidade. Jesus transmite a eles o seu testamento espiritual, suas \u00faltimas recomenda\u00e7\u00f5es: Jesus exorta os disc\u00edpulos \u00e0 unidade na caridade.<\/p>\n<p>Ele n\u00e3o esconde aos disc\u00edpulos os perigos e as dificuldades que dever\u00e3o enfrentar (Jo 15,20). Por\u00e9m, eles n\u00e3o devem se abater nem se sentirem desmoralizados diante do \u00f3dio do mundo.<\/p>\n<p>O nosso perigo est\u00e1 fora de n\u00f3s, a pior amea\u00e7a pode surgir de n\u00f3s mesmo ao vivermos menos o amor fraterno entre os membros do Corpo m\u00edstico de Cristo e a unidade com a cabe\u00e7a deste Corpo. A recomenda\u00e7\u00e3o de Jesus \u00e9 clara: \u201cEu sou a videira e v\u00f3s os ramos, aquele que permanece em mim, e eu nele, esse produz muito fruto, porque sem mim nada podeis fazer\u201d (Jo 15,5). Os primeiros crist\u00e3os tinham uma consci\u00eancia clara da necessidade de permanecerem unidos pela caridade.<\/p>\n<p>Neste trecho do evangelho que estamos meditando, sete vezes aparece o verbo \u201cpermanecer\u201d: \u201cPermanecei em mim e eu permanecerei em v\u00f3s\u201d&#8230; \u201co ramo n\u00e3o pode dar fruto por si mesmo se n\u00e3o permanecer na videira\u201d&#8230; \u201ctamb\u00e9m v\u00f3s n\u00e3o podereis dar frutos se n\u00e3o permanecerdes em mim\u201d&#8230; \u201cAquele que permanece em mim, e eu nele, esse produz muitos frutos\u201d&#8230; \u201cquem n\u00e3o permanecer em mim ser\u00e1 lan\u00e7ado fora como um ramo e secar\u00e1\u201d&#8230; \u201cse permanecerdes em mim e minhas palavras permanecerem em v\u00f3s, pedi o que quiserdes e vos ser\u00e1 dado\u201d.<\/p>\n<p>Jesus diz, claramente, que se entre n\u00f3s existir a \u201cunidade na unidade\u201d, n\u00f3s estaremos unidos a Ele e Ele a n\u00f3s. Essa rela\u00e7\u00e3o de unidade com Jesus permitir\u00e1 que produzamos muitos frutos que transparecer\u00e3o nas nossas a\u00e7\u00f5es e no nosso relacionamento com o outro.<\/p>\n<p>&nbsp;<\/p>\n<p><strong>Pe. Paulo Eduardo J\u00e1como, sdb<\/strong><\/p>\n","protected":false},"excerpt":{"rendered":"<p>Quarta-feira, 05 de maio de 2021. Evangelho (Jo 15, 1-8) &nbsp; &#8220;Eu sou a videira e v\u00f3s os ramos&#8221; Naquele tempo, disse Jesus a seus&#8230;<\/p>\n","protected":false},"author":1,"featured_media":923,"comment_status":"closed","ping_status":"open","sticky":false,"template":"","format":"standard","meta":{"_acf_changed":false,"footnotes":""},"categories":[13],"tags":[],"class_list":["post-954","post","type-post","status-publish","format-standard","has-post-thumbnail","hentry","category-reflexaodoevagelho"],"acf":[],"yoast_head":"<!-- This site is optimized with the Yoast SEO plugin v27.3 - https:\/\/yoast.com\/product\/yoast-seo-wordpress\/ -->\n<title>05\/05 - &quot;Eu sou a videira e v\u00f3s os ramos&quot; - Pastoral Universit\u00e1ria UniSALESIANO<\/title>\n<meta name=\"robots\" content=\"index, follow, max-snippet:-1, max-image-preview:large, max-video-preview:-1\" \/>\n<link rel=\"canonical\" href=\"https:\/\/unisale.com.br\/novo\/eu-sou-a-videira\/\" \/>\n<meta property=\"og:locale\" content=\"pt_BR\" \/>\n<meta property=\"og:type\" content=\"article\" \/>\n<meta property=\"og:title\" content=\"05\/05 - &quot;Eu sou a videira e v\u00f3s os ramos&quot; - Pastoral Universit\u00e1ria UniSALESIANO\" \/>\n<meta property=\"og:description\" content=\"Quarta-feira, 05 de maio de 2021. Evangelho (Jo 15, 1-8) &nbsp; &#8220;Eu sou a videira e v\u00f3s os ramos&#8221; Naquele tempo, disse Jesus a seus...\" \/>\n<meta property=\"og:url\" content=\"https:\/\/unisale.com.br\/novo\/eu-sou-a-videira\/\" \/>\n<meta property=\"og:site_name\" content=\"Pastoral Universit\u00e1ria UniSALESIANO\" \/>\n<meta property=\"article:published_time\" content=\"2021-05-04T14:42:47+00:00\" \/>\n<meta property=\"article:modified_time\" content=\"2021-05-21T11:48:26+00:00\" \/>\n<meta property=\"og:image\" content=\"https:\/\/unisale.com.br\/novo\/wp-content\/uploads\/2021\/05\/uva-1024x576.png\" \/>\n\t<meta property=\"og:image:width\" content=\"1024\" \/>\n\t<meta property=\"og:image:height\" content=\"576\" \/>\n\t<meta property=\"og:image:type\" content=\"image\/png\" \/>\n<meta name=\"author\" content=\"pastoral\" \/>\n<meta name=\"twitter:card\" content=\"summary_large_image\" \/>\n<meta name=\"twitter:label1\" content=\"Escrito por\" \/>\n\t<meta name=\"twitter:data1\" content=\"pastoral\" \/>\n\t<meta name=\"twitter:label2\" content=\"Est. tempo de leitura\" \/>\n\t<meta name=\"twitter:data2\" content=\"3 minutos\" \/>\n<script type=\"application\/ld+json\" class=\"yoast-schema-graph\">{\"@context\":\"https:\\\/\\\/schema.org\",\"@graph\":[{\"@type\":\"Article\",\"@id\":\"https:\\\/\\\/unisale.com.br\\\/novo\\\/eu-sou-a-videira\\\/#article\",\"isPartOf\":{\"@id\":\"https:\\\/\\\/unisale.com.br\\\/novo\\\/eu-sou-a-videira\\\/\"},\"author\":{\"name\":\"pastoral\",\"@id\":\"https:\\\/\\\/unisale.com.br\\\/pastoral\\\/#\\\/schema\\\/person\\\/a16ba711a0f7dec9cb6b44563144d5a3\"},\"headline\":\"05\\\/05 &#8211; &#8220;Eu sou a videira e v\u00f3s os ramos&#8221;\",\"datePublished\":\"2021-05-04T14:42:47+00:00\",\"dateModified\":\"2021-05-21T11:48:26+00:00\",\"mainEntityOfPage\":{\"@id\":\"https:\\\/\\\/unisale.com.br\\\/novo\\\/eu-sou-a-videira\\\/\"},\"wordCount\":529,\"image\":{\"@id\":\"https:\\\/\\\/unisale.com.br\\\/novo\\\/eu-sou-a-videira\\\/#primaryimage\"},\"thumbnailUrl\":\"https:\\\/\\\/unisale.com.br\\\/pastoral\\\/wp-content\\\/uploads\\\/2021\\\/05\\\/uva.png\",\"articleSection\":[\"Reflex\u00e3o do Evangelho\"],\"inLanguage\":\"pt-BR\"},{\"@type\":\"WebPage\",\"@id\":\"https:\\\/\\\/unisale.com.br\\\/novo\\\/eu-sou-a-videira\\\/\",\"url\":\"https:\\\/\\\/unisale.com.br\\\/novo\\\/eu-sou-a-videira\\\/\",\"name\":\"05\\\/05 - \\\"Eu sou a videira e v\u00f3s os ramos\\\" - Pastoral Universit\u00e1ria UniSALESIANO\",\"isPartOf\":{\"@id\":\"https:\\\/\\\/unisale.com.br\\\/pastoral\\\/#website\"},\"primaryImageOfPage\":{\"@id\":\"https:\\\/\\\/unisale.com.br\\\/novo\\\/eu-sou-a-videira\\\/#primaryimage\"},\"image\":{\"@id\":\"https:\\\/\\\/unisale.com.br\\\/novo\\\/eu-sou-a-videira\\\/#primaryimage\"},\"thumbnailUrl\":\"https:\\\/\\\/unisale.com.br\\\/pastoral\\\/wp-content\\\/uploads\\\/2021\\\/05\\\/uva.png\",\"datePublished\":\"2021-05-04T14:42:47+00:00\",\"dateModified\":\"2021-05-21T11:48:26+00:00\",\"author\":{\"@id\":\"https:\\\/\\\/unisale.com.br\\\/pastoral\\\/#\\\/schema\\\/person\\\/a16ba711a0f7dec9cb6b44563144d5a3\"},\"inLanguage\":\"pt-BR\",\"potentialAction\":[{\"@type\":\"ReadAction\",\"target\":[\"https:\\\/\\\/unisale.com.br\\\/novo\\\/eu-sou-a-videira\\\/\"]}]},{\"@type\":\"ImageObject\",\"inLanguage\":\"pt-BR\",\"@id\":\"https:\\\/\\\/unisale.com.br\\\/novo\\\/eu-sou-a-videira\\\/#primaryimage\",\"url\":\"https:\\\/\\\/unisale.com.br\\\/pastoral\\\/wp-content\\\/uploads\\\/2021\\\/05\\\/uva.png\",\"contentUrl\":\"https:\\\/\\\/unisale.com.br\\\/pastoral\\\/wp-content\\\/uploads\\\/2021\\\/05\\\/uva.png\",\"width\":889,\"height\":500},{\"@type\":\"WebSite\",\"@id\":\"https:\\\/\\\/unisale.com.br\\\/pastoral\\\/#website\",\"url\":\"https:\\\/\\\/unisale.com.br\\\/pastoral\\\/\",\"name\":\"Pastoral Universit\u00e1ria UniSALESIANO\",\"description\":\"Site da Pastoral Universit\u00e1ria do UniSALESIANO\",\"potentialAction\":[{\"@type\":\"SearchAction\",\"target\":{\"@type\":\"EntryPoint\",\"urlTemplate\":\"https:\\\/\\\/unisale.com.br\\\/pastoral\\\/?s={search_term_string}\"},\"query-input\":{\"@type\":\"PropertyValueSpecification\",\"valueRequired\":true,\"valueName\":\"search_term_string\"}}],\"inLanguage\":\"pt-BR\"},{\"@type\":\"Person\",\"@id\":\"https:\\\/\\\/unisale.com.br\\\/pastoral\\\/#\\\/schema\\\/person\\\/a16ba711a0f7dec9cb6b44563144d5a3\",\"name\":\"pastoral\",\"url\":\"https:\\\/\\\/unisale.com.br\\\/pastoral\\\/author\\\/pastoral\\\/\"}]}<\/script>\n<!-- \/ Yoast SEO plugin. -->","yoast_head_json":{"title":"05\/05 - \"Eu sou a videira e v\u00f3s os ramos\" - Pastoral Universit\u00e1ria UniSALESIANO","robots":{"index":"index","follow":"follow","max-snippet":"max-snippet:-1","max-image-preview":"max-image-preview:large","max-video-preview":"max-video-preview:-1"},"canonical":"https:\/\/unisale.com.br\/novo\/eu-sou-a-videira\/","og_locale":"pt_BR","og_type":"article","og_title":"05\/05 - \"Eu sou a videira e v\u00f3s os ramos\" - Pastoral Universit\u00e1ria UniSALESIANO","og_description":"Quarta-feira, 05 de maio de 2021. Evangelho (Jo 15, 1-8) &nbsp; &#8220;Eu sou a videira e v\u00f3s os ramos&#8221; Naquele tempo, disse Jesus a seus...","og_url":"https:\/\/unisale.com.br\/novo\/eu-sou-a-videira\/","og_site_name":"Pastoral Universit\u00e1ria UniSALESIANO","article_published_time":"2021-05-04T14:42:47+00:00","article_modified_time":"2021-05-21T11:48:26+00:00","og_image":[{"width":1024,"height":576,"url":"https:\/\/unisale.com.br\/novo\/wp-content\/uploads\/2021\/05\/uva-1024x576.png","type":"image\/png"}],"author":"pastoral","twitter_card":"summary_large_image","twitter_misc":{"Escrito por":"pastoral","Est. tempo de leitura":"3 minutos"},"schema":{"@context":"https:\/\/schema.org","@graph":[{"@type":"Article","@id":"https:\/\/unisale.com.br\/novo\/eu-sou-a-videira\/#article","isPartOf":{"@id":"https:\/\/unisale.com.br\/novo\/eu-sou-a-videira\/"},"author":{"name":"pastoral","@id":"https:\/\/unisale.com.br\/pastoral\/#\/schema\/person\/a16ba711a0f7dec9cb6b44563144d5a3"},"headline":"05\/05 &#8211; &#8220;Eu sou a videira e v\u00f3s os ramos&#8221;","datePublished":"2021-05-04T14:42:47+00:00","dateModified":"2021-05-21T11:48:26+00:00","mainEntityOfPage":{"@id":"https:\/\/unisale.com.br\/novo\/eu-sou-a-videira\/"},"wordCount":529,"image":{"@id":"https:\/\/unisale.com.br\/novo\/eu-sou-a-videira\/#primaryimage"},"thumbnailUrl":"https:\/\/unisale.com.br\/pastoral\/wp-content\/uploads\/2021\/05\/uva.png","articleSection":["Reflex\u00e3o do Evangelho"],"inLanguage":"pt-BR"},{"@type":"WebPage","@id":"https:\/\/unisale.com.br\/novo\/eu-sou-a-videira\/","url":"https:\/\/unisale.com.br\/novo\/eu-sou-a-videira\/","name":"05\/05 - \"Eu sou a videira e v\u00f3s os ramos\" - Pastoral Universit\u00e1ria UniSALESIANO","isPartOf":{"@id":"https:\/\/unisale.com.br\/pastoral\/#website"},"primaryImageOfPage":{"@id":"https:\/\/unisale.com.br\/novo\/eu-sou-a-videira\/#primaryimage"},"image":{"@id":"https:\/\/unisale.com.br\/novo\/eu-sou-a-videira\/#primaryimage"},"thumbnailUrl":"https:\/\/unisale.com.br\/pastoral\/wp-content\/uploads\/2021\/05\/uva.png","datePublished":"2021-05-04T14:42:47+00:00","dateModified":"2021-05-21T11:48:26+00:00","author":{"@id":"https:\/\/unisale.com.br\/pastoral\/#\/schema\/person\/a16ba711a0f7dec9cb6b44563144d5a3"},"inLanguage":"pt-BR","potentialAction":[{"@type":"ReadAction","target":["https:\/\/unisale.com.br\/novo\/eu-sou-a-videira\/"]}]},{"@type":"ImageObject","inLanguage":"pt-BR","@id":"https:\/\/unisale.com.br\/novo\/eu-sou-a-videira\/#primaryimage","url":"https:\/\/unisale.com.br\/pastoral\/wp-content\/uploads\/2021\/05\/uva.png","contentUrl":"https:\/\/unisale.com.br\/pastoral\/wp-content\/uploads\/2021\/05\/uva.png","width":889,"height":500},{"@type":"WebSite","@id":"https:\/\/unisale.com.br\/pastoral\/#website","url":"https:\/\/unisale.com.br\/pastoral\/","name":"Pastoral Universit\u00e1ria UniSALESIANO","description":"Site da Pastoral Universit\u00e1ria do UniSALESIANO","potentialAction":[{"@type":"SearchAction","target":{"@type":"EntryPoint","urlTemplate":"https:\/\/unisale.com.br\/pastoral\/?s={search_term_string}"},"query-input":{"@type":"PropertyValueSpecification","valueRequired":true,"valueName":"search_term_string"}}],"inLanguage":"pt-BR"},{"@type":"Person","@id":"https:\/\/unisale.com.br\/pastoral\/#\/schema\/person\/a16ba711a0f7dec9cb6b44563144d5a3","name":"pastoral","url":"https:\/\/unisale.com.br\/pastoral\/author\/pastoral\/"}]}},"_links":{"self":[{"href":"https:\/\/unisale.com.br\/pastoral\/wp-json\/wp\/v2\/posts\/954","targetHints":{"allow":["GET"]}}],"collection":[{"href":"https:\/\/unisale.com.br\/pastoral\/wp-json\/wp\/v2\/posts"}],"about":[{"href":"https:\/\/unisale.com.br\/pastoral\/wp-json\/wp\/v2\/types\/post"}],"author":[{"embeddable":true,"href":"https:\/\/unisale.com.br\/pastoral\/wp-json\/wp\/v2\/users\/1"}],"replies":[{"embeddable":true,"href":"https:\/\/unisale.com.br\/pastoral\/wp-json\/wp\/v2\/comments?post=954"}],"version-history":[{"count":0,"href":"https:\/\/unisale.com.br\/pastoral\/wp-json\/wp\/v2\/posts\/954\/revisions"}],"wp:featuredmedia":[{"embeddable":true,"href":"https:\/\/unisale.com.br\/pastoral\/wp-json\/wp\/v2\/media\/923"}],"wp:attachment":[{"href":"https:\/\/unisale.com.br\/pastoral\/wp-json\/wp\/v2\/media?parent=954"}],"wp:term":[{"taxonomy":"category","embeddable":true,"href":"https:\/\/unisale.com.br\/pastoral\/wp-json\/wp\/v2\/categories?post=954"},{"taxonomy":"post_tag","embeddable":true,"href":"https:\/\/unisale.com.br\/pastoral\/wp-json\/wp\/v2\/tags?post=954"}],"curies":[{"name":"wp","href":"https:\/\/api.w.org\/{rel}","templated":true}]}}