{"id":9548,"date":"2024-07-11T14:06:24","date_gmt":"2024-07-11T14:06:24","guid":{"rendered":"https:\/\/unisale.com.br\/pastoral\/?p=9548"},"modified":"2024-07-11T14:06:24","modified_gmt":"2024-07-11T14:06:24","slug":"30-07-entao-os-justos-brilharao-como-o-sol-no-reino-de-seu-pai","status":"publish","type":"post","link":"https:\/\/unisale.com.br\/pastoral\/30-07-entao-os-justos-brilharao-como-o-sol-no-reino-de-seu-pai\/","title":{"rendered":"30\/07 &#8211; Ent\u00e3o os justos brilhar\u00e3o como o sol no Reino de seu Pai"},"content":{"rendered":"<p>Ter\u00e7a-feira, 30 de julho de 2024.<\/p>\n<p>&nbsp;<\/p>\n<p>Evangelho (Mt 13,36-43)<\/p>\n<p>&nbsp;<\/p>\n<p><strong>\u201cEnt\u00e3o os justos brilhar\u00e3o como o sol no Reino de seu Pai\u201d<\/strong><\/p>\n<p>&nbsp;<\/p>\n<p>Naquele tempo, <sup>36<\/sup>Jesus deixou as multid\u00f5es e foi para casa. Seus disc\u00edpulos aproximaram-se dele e disseram: \u201cExplica-nos a par\u00e1bola do joio!\u201d <sup>37<\/sup>Jesus respondeu: \u201cAquele que semeia a boa semente \u00e9 o Filho do Homem. <sup>38<\/sup>O campo \u00e9 o mundo. A boa semente s\u00e3o os que pertencem ao Reino. O joio s\u00e3o os que pertencem ao Maligno. <sup>39<\/sup>O inimigo que semeou o joio \u00e9 o diabo. A colheita \u00e9 o fim dos tempos. Os ceifadores s\u00e3o os anjos. <sup>40<\/sup>Como o joio \u00e9 recolhido e queimado ao fogo, assim tamb\u00e9m acontecer\u00e1 no fim dos tempos: <sup>41<\/sup>O Filho do Homem enviar\u00e1 os seus anjos e eles retirar\u00e3o do seu Reino todos os que fazem outros pecar e os que praticam o mal; <sup>42<\/sup>e depois os lan\u00e7ar\u00e3o na fornalha de fogo. Ali haver\u00e1 choro e ranger de dentes. <sup>43<\/sup>Ent\u00e3o os justos brilhar\u00e3o como o sol no Reino de seu Pai. Quem tem ouvidos, ou\u00e7a\u201d.<\/p>\n<p>&nbsp;<\/p>\n<p><strong>Reflex\u00e3o<\/strong><\/p>\n<p>&nbsp;<\/p>\n<p>Seria interessante que cada um se perguntasse sobre qual tipo de rea\u00e7\u00e3o n\u00f3s suscitamos nos outros com o nosso comportamento. Ou seja, como se sentem os outros convivendo comigo? Esta an\u00e1lise facilitaria para chegarmos \u00e0 conclus\u00e3o de quem somos filhos. Jesus mesmo diz: \u201cpela \u00e1rvore se conhece os frutos\u201d. Podemos at\u00e9 ser a pessoa mais importante do mundo, mas se o nosso comportamento causa no outro angustias, divis\u00f5es, se falamos mal, se fazemos o outro sofrer e fomentamos esc\u00e2ndalos, temos pouco a refletir: somos filhos das trevas. Muitas vezes n\u00f3s levamos dor, sofrimento, divis\u00e3o aos outros porque estas coisas n\u00f3s as temos dentro de n\u00f3s. \u00c9 no cora\u00e7\u00e3o do homem que est\u00e1 a decis\u00e3o a quem pertencer: ser filho da luz ou das trevas. Toda a nossa vida \u00e9 sempre uma decis\u00e3o a quem queremos pertencer. E, atentos, a nossa vida \u00e9 passageira, n\u00e3o temos todo o tempo do mundo para decidir, temos somente esta vida. Chegar\u00e1 com certeza o fim e n\u00f3s seremos julgados pelas nossas a\u00e7\u00f5es. \u00c9 preciso que cada um de n\u00f3s esteja bastante atento, pois s\u00e3o as pequenas escolhas de cada dia que decidir\u00e3o o nosso destino final. Precisamos escolher entre ser \u201csal e luz\u201d e ser \u201cazedume e treva\u201d. O que n\u00f3s queremos praticar fora de n\u00f3s, devemos cultivar dentro de n\u00f3s. Quem leva a disc\u00f3rdia \u00e9 dividido dentro de si mesmo. N\u00f3s devemos tomar cuidado com o que temos dentro de n\u00f3s. Podemos at\u00e9 tentar fazer diferente, mas enquanto n\u00e3o tratarmos o nosso interior, corremos sempre o risco de fazermos o que \u00e9 das trevas e n\u00e3o o que \u00e9 da luz. Precisamos combater a divis\u00e3o, o ego\u00edsmo, a inveja, a gan\u00e2ncia e muitos outros males que est\u00e3o dentro de n\u00f3s. Precisamos combater para que \u2018brilhemos como o sol no Reino do Pai\u201d.<\/p>\n<p><strong>Pe. Paulo Eduardo J\u00e1como, SDB.\u00a0<\/strong><\/p>\n","protected":false},"excerpt":{"rendered":"<p>Ter\u00e7a-feira, 30 de julho de 2024. &nbsp; Evangelho (Mt 13,36-43) &nbsp; \u201cEnt\u00e3o os justos brilhar\u00e3o como o sol no Reino de seu Pai\u201d &nbsp; Naquele&#8230;<\/p>\n","protected":false},"author":1,"featured_media":9549,"comment_status":"closed","ping_status":"closed","sticky":false,"template":"","format":"standard","meta":{"_acf_changed":false,"footnotes":""},"categories":[13],"tags":[],"class_list":["post-9548","post","type-post","status-publish","format-standard","has-post-thumbnail","hentry","category-reflexaodoevagelho"],"acf":[],"yoast_head":"<!-- This site is optimized with the Yoast SEO plugin v27.3 - https:\/\/yoast.com\/product\/yoast-seo-wordpress\/ -->\n<title>30\/07 - Ent\u00e3o os justos brilhar\u00e3o como o sol no Reino de seu Pai - Pastoral Universit\u00e1ria UniSALESIANO<\/title>\n<meta name=\"robots\" content=\"index, follow, max-snippet:-1, max-image-preview:large, max-video-preview:-1\" \/>\n<link rel=\"canonical\" href=\"https:\/\/unisale.com.br\/novo\/30-07-entao-os-justos-brilharao-como-o-sol-no-reino-de-seu-pai\/\" \/>\n<meta property=\"og:locale\" content=\"pt_BR\" \/>\n<meta property=\"og:type\" content=\"article\" \/>\n<meta property=\"og:title\" content=\"30\/07 - Ent\u00e3o os justos brilhar\u00e3o como o sol no Reino de seu Pai - Pastoral Universit\u00e1ria UniSALESIANO\" \/>\n<meta property=\"og:description\" content=\"Ter\u00e7a-feira, 30 de julho de 2024. &nbsp; Evangelho (Mt 13,36-43) &nbsp; \u201cEnt\u00e3o os justos brilhar\u00e3o como o sol no Reino de seu Pai\u201d &nbsp; Naquele...\" \/>\n<meta property=\"og:url\" content=\"https:\/\/unisale.com.br\/novo\/30-07-entao-os-justos-brilharao-como-o-sol-no-reino-de-seu-pai\/\" \/>\n<meta property=\"og:site_name\" content=\"Pastoral Universit\u00e1ria UniSALESIANO\" \/>\n<meta property=\"article:published_time\" content=\"2024-07-11T14:06:24+00:00\" \/>\n<meta name=\"author\" content=\"pastoral\" \/>\n<meta name=\"twitter:card\" content=\"summary_large_image\" \/>\n<meta name=\"twitter:label1\" content=\"Escrito por\" \/>\n\t<meta name=\"twitter:data1\" content=\"pastoral\" \/>\n\t<meta name=\"twitter:label2\" content=\"Est. tempo de leitura\" \/>\n\t<meta name=\"twitter:data2\" content=\"3 minutos\" \/>\n<script type=\"application\/ld+json\" class=\"yoast-schema-graph\">{\"@context\":\"https:\\\/\\\/schema.org\",\"@graph\":[{\"@type\":\"Article\",\"@id\":\"https:\\\/\\\/unisale.com.br\\\/novo\\\/30-07-entao-os-justos-brilharao-como-o-sol-no-reino-de-seu-pai\\\/#article\",\"isPartOf\":{\"@id\":\"https:\\\/\\\/unisale.com.br\\\/novo\\\/30-07-entao-os-justos-brilharao-como-o-sol-no-reino-de-seu-pai\\\/\"},\"author\":{\"name\":\"pastoral\",\"@id\":\"https:\\\/\\\/unisale.com.br\\\/pastoral\\\/#\\\/schema\\\/person\\\/a16ba711a0f7dec9cb6b44563144d5a3\"},\"headline\":\"30\\\/07 &#8211; Ent\u00e3o os justos brilhar\u00e3o como o sol no Reino de seu Pai\",\"datePublished\":\"2024-07-11T14:06:24+00:00\",\"mainEntityOfPage\":{\"@id\":\"https:\\\/\\\/unisale.com.br\\\/novo\\\/30-07-entao-os-justos-brilharao-como-o-sol-no-reino-de-seu-pai\\\/\"},\"wordCount\":531,\"image\":{\"@id\":\"https:\\\/\\\/unisale.com.br\\\/novo\\\/30-07-entao-os-justos-brilharao-como-o-sol-no-reino-de-seu-pai\\\/#primaryimage\"},\"thumbnailUrl\":\"https:\\\/\\\/unisale.com.br\\\/pastoral\\\/wp-content\\\/uploads\\\/2024\\\/07\\\/Indice.jpeg\",\"articleSection\":[\"Reflex\u00e3o do Evangelho\"],\"inLanguage\":\"pt-BR\"},{\"@type\":\"WebPage\",\"@id\":\"https:\\\/\\\/unisale.com.br\\\/novo\\\/30-07-entao-os-justos-brilharao-como-o-sol-no-reino-de-seu-pai\\\/\",\"url\":\"https:\\\/\\\/unisale.com.br\\\/novo\\\/30-07-entao-os-justos-brilharao-como-o-sol-no-reino-de-seu-pai\\\/\",\"name\":\"30\\\/07 - Ent\u00e3o os justos brilhar\u00e3o como o sol no Reino de seu Pai - Pastoral Universit\u00e1ria UniSALESIANO\",\"isPartOf\":{\"@id\":\"https:\\\/\\\/unisale.com.br\\\/pastoral\\\/#website\"},\"primaryImageOfPage\":{\"@id\":\"https:\\\/\\\/unisale.com.br\\\/novo\\\/30-07-entao-os-justos-brilharao-como-o-sol-no-reino-de-seu-pai\\\/#primaryimage\"},\"image\":{\"@id\":\"https:\\\/\\\/unisale.com.br\\\/novo\\\/30-07-entao-os-justos-brilharao-como-o-sol-no-reino-de-seu-pai\\\/#primaryimage\"},\"thumbnailUrl\":\"https:\\\/\\\/unisale.com.br\\\/pastoral\\\/wp-content\\\/uploads\\\/2024\\\/07\\\/Indice.jpeg\",\"datePublished\":\"2024-07-11T14:06:24+00:00\",\"author\":{\"@id\":\"https:\\\/\\\/unisale.com.br\\\/pastoral\\\/#\\\/schema\\\/person\\\/a16ba711a0f7dec9cb6b44563144d5a3\"},\"inLanguage\":\"pt-BR\",\"potentialAction\":[{\"@type\":\"ReadAction\",\"target\":[\"https:\\\/\\\/unisale.com.br\\\/novo\\\/30-07-entao-os-justos-brilharao-como-o-sol-no-reino-de-seu-pai\\\/\"]}]},{\"@type\":\"ImageObject\",\"inLanguage\":\"pt-BR\",\"@id\":\"https:\\\/\\\/unisale.com.br\\\/novo\\\/30-07-entao-os-justos-brilharao-como-o-sol-no-reino-de-seu-pai\\\/#primaryimage\",\"url\":\"https:\\\/\\\/unisale.com.br\\\/pastoral\\\/wp-content\\\/uploads\\\/2024\\\/07\\\/Indice.jpeg\",\"contentUrl\":\"https:\\\/\\\/unisale.com.br\\\/pastoral\\\/wp-content\\\/uploads\\\/2024\\\/07\\\/Indice.jpeg\",\"width\":223,\"height\":167},{\"@type\":\"WebSite\",\"@id\":\"https:\\\/\\\/unisale.com.br\\\/pastoral\\\/#website\",\"url\":\"https:\\\/\\\/unisale.com.br\\\/pastoral\\\/\",\"name\":\"Pastoral Universit\u00e1ria UniSALESIANO\",\"description\":\"Site da Pastoral Universit\u00e1ria do UniSALESIANO\",\"potentialAction\":[{\"@type\":\"SearchAction\",\"target\":{\"@type\":\"EntryPoint\",\"urlTemplate\":\"https:\\\/\\\/unisale.com.br\\\/pastoral\\\/?s={search_term_string}\"},\"query-input\":{\"@type\":\"PropertyValueSpecification\",\"valueRequired\":true,\"valueName\":\"search_term_string\"}}],\"inLanguage\":\"pt-BR\"},{\"@type\":\"Person\",\"@id\":\"https:\\\/\\\/unisale.com.br\\\/pastoral\\\/#\\\/schema\\\/person\\\/a16ba711a0f7dec9cb6b44563144d5a3\",\"name\":\"pastoral\",\"url\":\"https:\\\/\\\/unisale.com.br\\\/pastoral\\\/author\\\/pastoral\\\/\"}]}<\/script>\n<!-- \/ Yoast SEO plugin. -->","yoast_head_json":{"title":"30\/07 - Ent\u00e3o os justos brilhar\u00e3o como o sol no Reino de seu Pai - Pastoral Universit\u00e1ria UniSALESIANO","robots":{"index":"index","follow":"follow","max-snippet":"max-snippet:-1","max-image-preview":"max-image-preview:large","max-video-preview":"max-video-preview:-1"},"canonical":"https:\/\/unisale.com.br\/novo\/30-07-entao-os-justos-brilharao-como-o-sol-no-reino-de-seu-pai\/","og_locale":"pt_BR","og_type":"article","og_title":"30\/07 - Ent\u00e3o os justos brilhar\u00e3o como o sol no Reino de seu Pai - Pastoral Universit\u00e1ria UniSALESIANO","og_description":"Ter\u00e7a-feira, 30 de julho de 2024. &nbsp; Evangelho (Mt 13,36-43) &nbsp; \u201cEnt\u00e3o os justos brilhar\u00e3o como o sol no Reino de seu Pai\u201d &nbsp; Naquele...","og_url":"https:\/\/unisale.com.br\/novo\/30-07-entao-os-justos-brilharao-como-o-sol-no-reino-de-seu-pai\/","og_site_name":"Pastoral Universit\u00e1ria UniSALESIANO","article_published_time":"2024-07-11T14:06:24+00:00","author":"pastoral","twitter_card":"summary_large_image","twitter_misc":{"Escrito por":"pastoral","Est. tempo de leitura":"3 minutos"},"schema":{"@context":"https:\/\/schema.org","@graph":[{"@type":"Article","@id":"https:\/\/unisale.com.br\/novo\/30-07-entao-os-justos-brilharao-como-o-sol-no-reino-de-seu-pai\/#article","isPartOf":{"@id":"https:\/\/unisale.com.br\/novo\/30-07-entao-os-justos-brilharao-como-o-sol-no-reino-de-seu-pai\/"},"author":{"name":"pastoral","@id":"https:\/\/unisale.com.br\/pastoral\/#\/schema\/person\/a16ba711a0f7dec9cb6b44563144d5a3"},"headline":"30\/07 &#8211; Ent\u00e3o os justos brilhar\u00e3o como o sol no Reino de seu Pai","datePublished":"2024-07-11T14:06:24+00:00","mainEntityOfPage":{"@id":"https:\/\/unisale.com.br\/novo\/30-07-entao-os-justos-brilharao-como-o-sol-no-reino-de-seu-pai\/"},"wordCount":531,"image":{"@id":"https:\/\/unisale.com.br\/novo\/30-07-entao-os-justos-brilharao-como-o-sol-no-reino-de-seu-pai\/#primaryimage"},"thumbnailUrl":"https:\/\/unisale.com.br\/pastoral\/wp-content\/uploads\/2024\/07\/Indice.jpeg","articleSection":["Reflex\u00e3o do Evangelho"],"inLanguage":"pt-BR"},{"@type":"WebPage","@id":"https:\/\/unisale.com.br\/novo\/30-07-entao-os-justos-brilharao-como-o-sol-no-reino-de-seu-pai\/","url":"https:\/\/unisale.com.br\/novo\/30-07-entao-os-justos-brilharao-como-o-sol-no-reino-de-seu-pai\/","name":"30\/07 - Ent\u00e3o os justos brilhar\u00e3o como o sol no Reino de seu Pai - Pastoral Universit\u00e1ria UniSALESIANO","isPartOf":{"@id":"https:\/\/unisale.com.br\/pastoral\/#website"},"primaryImageOfPage":{"@id":"https:\/\/unisale.com.br\/novo\/30-07-entao-os-justos-brilharao-como-o-sol-no-reino-de-seu-pai\/#primaryimage"},"image":{"@id":"https:\/\/unisale.com.br\/novo\/30-07-entao-os-justos-brilharao-como-o-sol-no-reino-de-seu-pai\/#primaryimage"},"thumbnailUrl":"https:\/\/unisale.com.br\/pastoral\/wp-content\/uploads\/2024\/07\/Indice.jpeg","datePublished":"2024-07-11T14:06:24+00:00","author":{"@id":"https:\/\/unisale.com.br\/pastoral\/#\/schema\/person\/a16ba711a0f7dec9cb6b44563144d5a3"},"inLanguage":"pt-BR","potentialAction":[{"@type":"ReadAction","target":["https:\/\/unisale.com.br\/novo\/30-07-entao-os-justos-brilharao-como-o-sol-no-reino-de-seu-pai\/"]}]},{"@type":"ImageObject","inLanguage":"pt-BR","@id":"https:\/\/unisale.com.br\/novo\/30-07-entao-os-justos-brilharao-como-o-sol-no-reino-de-seu-pai\/#primaryimage","url":"https:\/\/unisale.com.br\/pastoral\/wp-content\/uploads\/2024\/07\/Indice.jpeg","contentUrl":"https:\/\/unisale.com.br\/pastoral\/wp-content\/uploads\/2024\/07\/Indice.jpeg","width":223,"height":167},{"@type":"WebSite","@id":"https:\/\/unisale.com.br\/pastoral\/#website","url":"https:\/\/unisale.com.br\/pastoral\/","name":"Pastoral Universit\u00e1ria UniSALESIANO","description":"Site da Pastoral Universit\u00e1ria do UniSALESIANO","potentialAction":[{"@type":"SearchAction","target":{"@type":"EntryPoint","urlTemplate":"https:\/\/unisale.com.br\/pastoral\/?s={search_term_string}"},"query-input":{"@type":"PropertyValueSpecification","valueRequired":true,"valueName":"search_term_string"}}],"inLanguage":"pt-BR"},{"@type":"Person","@id":"https:\/\/unisale.com.br\/pastoral\/#\/schema\/person\/a16ba711a0f7dec9cb6b44563144d5a3","name":"pastoral","url":"https:\/\/unisale.com.br\/pastoral\/author\/pastoral\/"}]}},"_links":{"self":[{"href":"https:\/\/unisale.com.br\/pastoral\/wp-json\/wp\/v2\/posts\/9548","targetHints":{"allow":["GET"]}}],"collection":[{"href":"https:\/\/unisale.com.br\/pastoral\/wp-json\/wp\/v2\/posts"}],"about":[{"href":"https:\/\/unisale.com.br\/pastoral\/wp-json\/wp\/v2\/types\/post"}],"author":[{"embeddable":true,"href":"https:\/\/unisale.com.br\/pastoral\/wp-json\/wp\/v2\/users\/1"}],"replies":[{"embeddable":true,"href":"https:\/\/unisale.com.br\/pastoral\/wp-json\/wp\/v2\/comments?post=9548"}],"version-history":[{"count":0,"href":"https:\/\/unisale.com.br\/pastoral\/wp-json\/wp\/v2\/posts\/9548\/revisions"}],"wp:featuredmedia":[{"embeddable":true,"href":"https:\/\/unisale.com.br\/pastoral\/wp-json\/wp\/v2\/media\/9549"}],"wp:attachment":[{"href":"https:\/\/unisale.com.br\/pastoral\/wp-json\/wp\/v2\/media?parent=9548"}],"wp:term":[{"taxonomy":"category","embeddable":true,"href":"https:\/\/unisale.com.br\/pastoral\/wp-json\/wp\/v2\/categories?post=9548"},{"taxonomy":"post_tag","embeddable":true,"href":"https:\/\/unisale.com.br\/pastoral\/wp-json\/wp\/v2\/tags?post=9548"}],"curies":[{"name":"wp","href":"https:\/\/api.w.org\/{rel}","templated":true}]}}