{"id":9573,"date":"2024-07-31T15:12:19","date_gmt":"2024-07-31T15:12:19","guid":{"rendered":"https:\/\/unisale.com.br\/pastoral\/?p=9573"},"modified":"2024-07-31T15:12:19","modified_gmt":"2024-07-31T15:12:19","slug":"02-08-um-profeta-so-nao-e-estimado-em-sua-propria-patria-e-em-sua-familia","status":"publish","type":"post","link":"https:\/\/unisale.com.br\/pastoral\/02-08-um-profeta-so-nao-e-estimado-em-sua-propria-patria-e-em-sua-familia\/","title":{"rendered":"02\/08 &#8211; Um profeta s\u00f3 n\u00e3o \u00e9 estimado em sua pr\u00f3pria p\u00e1tria e em sua fam\u00edlia"},"content":{"rendered":"<p>Sexta-feira, 02 de agosto de 2024.<\/p>\n<p>&nbsp;<\/p>\n<p>Evangelho (Mt 13,54-58)<\/p>\n<p>&nbsp;<\/p>\n<p><strong>\u201cUm profeta s\u00f3 n\u00e3o \u00e9 estimado em sua pr\u00f3pria p\u00e1tria e em sua fam\u00edlia\u201d<\/strong><\/p>\n<p>&nbsp;<\/p>\n<p>Naquele tempo, <sup>54<\/sup>dirigindo-se para a sua terra, Jesus ensinava na sinagoga, de modo que ficavam admirados. E diziam: \u201cDe onde lhe vem essa sabedoria e esses milagres? <sup>55<\/sup>N\u00e3o \u00e9 ele o filho do carpinteiro? Sua m\u00e3e n\u00e3o se chama Maria, e seus irm\u00e3os n\u00e3o s\u00e3o Tiago, Jos\u00e9, Sim\u00e3o e Judas? <sup>56<\/sup>E suas irm\u00e3s n\u00e3o moram conosco? Ent\u00e3o de onde lhe vem tudo isso?\u201d <sup>57<\/sup>E ficaram escandalizados por causa dele. Jesus, por\u00e9m, disse: \u201cUm profeta s\u00f3 n\u00e3o \u00e9 estimado em sua pr\u00f3pria p\u00e1tria e em sua fam\u00edlia!\u201d <sup>58<\/sup>E Jesus n\u00e3o fez ali muitos milagres, porque eles n\u00e3o tinham f\u00e9.<\/p>\n<p>&nbsp;<\/p>\n<p><strong>Reflex\u00e3o<\/strong><\/p>\n<p>&nbsp;<\/p>\n<p>Os conterr\u00e2neos de Jesus, habitantes de Nazar\u00e9, est\u00e3o admirados com a sabedoria e os milagres de Jesus, mas continuam fechados em seus preconceitos. A pergunta que fazem \u00e9: \u201cDe onde lhe vem essa sabedoria e esses milages?\u201d. Eles conhecem Jesus, sabem de onde ele veio, mas est\u00e3o fechados para o mist\u00e9rio da encarna\u00e7\u00e3o do Verbo de Deus. Por mais que Ele atue de modo extraordin\u00e1rio, Ele n\u00e3o pode ser diferente do homem normal. Jesus n\u00e3o foi aceito pelos seus por causa da sua \u201ccarne\u201d, da sua \u201cfraqueza humana\u201d. \u00c9 mesmo assim, os preconceitos impedem que se acolham e apreciem as pessoas por aquilo que s\u00e3o e por aquilo que fazem. \u00c9 simples entendermos esta hist\u00f3ria de preconceitos, basta que nos perguntemos: Porque \u00e9 que continuamos a nos escandalizar com um Deus que deixa acontecer certas coisas no mundo? E quando nos escandalizamos com a Igreja, com um certo bispo, ou certo padre ou mesmo com um crist\u00e3o, n\u00e3o ser\u00e1 porque nos est\u00e3o mostrando o rosto de Cristo que n\u00f3s n\u00e3o compreendemos ou que nos parece inadequado? Como diz um velho ditado: \u201cS\u00f3 um est\u00fapido n\u00e3o muda de ideia\u201d. S\u00f3 os humildes s\u00e3o capazes de mudar de ideia e de mentalidade. \u00c9 dif\u00edcil acolher um milagre quando se tem os olhos fechados em nossos conceitos; quando temos a mente presa em nossas convic\u00e7\u00f5es. A familiaridade dificulta as coisas em certo sentido. Mas \u00e9 preciso lembrar que cada um de n\u00f3s \u00e9 um mist\u00e9rio. Cada um de n\u00f3s tem sempre uma novidade escondida. Existe sempre algo \u2018novo\u2019 em quem n\u00f3s pensamos conhecer profundamente. Se n\u00f3s n\u00e3o lhes damos a oportunidade de demonstr\u00e1-lo, como poderemos ver a sua mudan\u00e7a?<\/p>\n<p><strong>Pe. Paulo Eduardo J\u00e1como, SDB.\u00a0<\/strong><\/p>\n","protected":false},"excerpt":{"rendered":"<p>Sexta-feira, 02 de agosto de 2024. &nbsp; Evangelho (Mt 13,54-58) &nbsp; \u201cUm profeta s\u00f3 n\u00e3o \u00e9 estimado em sua pr\u00f3pria p\u00e1tria e em sua fam\u00edlia\u201d&#8230;<\/p>\n","protected":false},"author":1,"featured_media":9574,"comment_status":"closed","ping_status":"closed","sticky":false,"template":"","format":"standard","meta":{"_acf_changed":false,"footnotes":""},"categories":[13],"tags":[],"class_list":["post-9573","post","type-post","status-publish","format-standard","has-post-thumbnail","hentry","category-reflexaodoevagelho"],"acf":[],"yoast_head":"<!-- This site is optimized with the Yoast SEO plugin v27.3 - https:\/\/yoast.com\/product\/yoast-seo-wordpress\/ -->\n<title>02\/08 - Um profeta s\u00f3 n\u00e3o \u00e9 estimado em sua pr\u00f3pria p\u00e1tria e em sua fam\u00edlia - Pastoral Universit\u00e1ria UniSALESIANO<\/title>\n<meta name=\"robots\" content=\"index, follow, max-snippet:-1, max-image-preview:large, max-video-preview:-1\" \/>\n<link rel=\"canonical\" href=\"https:\/\/unisale.com.br\/novo\/02-08-um-profeta-so-nao-e-estimado-em-sua-propria-patria-e-em-sua-familia\/\" \/>\n<meta property=\"og:locale\" content=\"pt_BR\" \/>\n<meta property=\"og:type\" content=\"article\" \/>\n<meta property=\"og:title\" content=\"02\/08 - Um profeta s\u00f3 n\u00e3o \u00e9 estimado em sua pr\u00f3pria p\u00e1tria e em sua fam\u00edlia - Pastoral Universit\u00e1ria UniSALESIANO\" \/>\n<meta property=\"og:description\" content=\"Sexta-feira, 02 de agosto de 2024. &nbsp; Evangelho (Mt 13,54-58) &nbsp; \u201cUm profeta s\u00f3 n\u00e3o \u00e9 estimado em sua pr\u00f3pria p\u00e1tria e em sua fam\u00edlia\u201d...\" \/>\n<meta property=\"og:url\" content=\"https:\/\/unisale.com.br\/novo\/02-08-um-profeta-so-nao-e-estimado-em-sua-propria-patria-e-em-sua-familia\/\" \/>\n<meta property=\"og:site_name\" content=\"Pastoral Universit\u00e1ria UniSALESIANO\" \/>\n<meta property=\"article:published_time\" content=\"2024-07-31T15:12:19+00:00\" \/>\n<meta name=\"author\" content=\"pastoral\" \/>\n<meta name=\"twitter:card\" content=\"summary_large_image\" \/>\n<meta name=\"twitter:label1\" content=\"Escrito por\" \/>\n\t<meta name=\"twitter:data1\" content=\"pastoral\" \/>\n\t<meta name=\"twitter:label2\" content=\"Est. tempo de leitura\" \/>\n\t<meta name=\"twitter:data2\" content=\"2 minutos\" \/>\n<script type=\"application\/ld+json\" class=\"yoast-schema-graph\">{\"@context\":\"https:\\\/\\\/schema.org\",\"@graph\":[{\"@type\":\"Article\",\"@id\":\"https:\\\/\\\/unisale.com.br\\\/novo\\\/02-08-um-profeta-so-nao-e-estimado-em-sua-propria-patria-e-em-sua-familia\\\/#article\",\"isPartOf\":{\"@id\":\"https:\\\/\\\/unisale.com.br\\\/novo\\\/02-08-um-profeta-so-nao-e-estimado-em-sua-propria-patria-e-em-sua-familia\\\/\"},\"author\":{\"name\":\"pastoral\",\"@id\":\"https:\\\/\\\/unisale.com.br\\\/pastoral\\\/#\\\/schema\\\/person\\\/a16ba711a0f7dec9cb6b44563144d5a3\"},\"headline\":\"02\\\/08 &#8211; Um profeta s\u00f3 n\u00e3o \u00e9 estimado em sua pr\u00f3pria p\u00e1tria e em sua fam\u00edlia\",\"datePublished\":\"2024-07-31T15:12:19+00:00\",\"mainEntityOfPage\":{\"@id\":\"https:\\\/\\\/unisale.com.br\\\/novo\\\/02-08-um-profeta-so-nao-e-estimado-em-sua-propria-patria-e-em-sua-familia\\\/\"},\"wordCount\":465,\"image\":{\"@id\":\"https:\\\/\\\/unisale.com.br\\\/novo\\\/02-08-um-profeta-so-nao-e-estimado-em-sua-propria-patria-e-em-sua-familia\\\/#primaryimage\"},\"thumbnailUrl\":\"https:\\\/\\\/unisale.com.br\\\/pastoral\\\/wp-content\\\/uploads\\\/2024\\\/07\\\/images-4.jpeg\",\"articleSection\":[\"Reflex\u00e3o do Evangelho\"],\"inLanguage\":\"pt-BR\"},{\"@type\":\"WebPage\",\"@id\":\"https:\\\/\\\/unisale.com.br\\\/novo\\\/02-08-um-profeta-so-nao-e-estimado-em-sua-propria-patria-e-em-sua-familia\\\/\",\"url\":\"https:\\\/\\\/unisale.com.br\\\/novo\\\/02-08-um-profeta-so-nao-e-estimado-em-sua-propria-patria-e-em-sua-familia\\\/\",\"name\":\"02\\\/08 - Um profeta s\u00f3 n\u00e3o \u00e9 estimado em sua pr\u00f3pria p\u00e1tria e em sua fam\u00edlia - Pastoral Universit\u00e1ria UniSALESIANO\",\"isPartOf\":{\"@id\":\"https:\\\/\\\/unisale.com.br\\\/pastoral\\\/#website\"},\"primaryImageOfPage\":{\"@id\":\"https:\\\/\\\/unisale.com.br\\\/novo\\\/02-08-um-profeta-so-nao-e-estimado-em-sua-propria-patria-e-em-sua-familia\\\/#primaryimage\"},\"image\":{\"@id\":\"https:\\\/\\\/unisale.com.br\\\/novo\\\/02-08-um-profeta-so-nao-e-estimado-em-sua-propria-patria-e-em-sua-familia\\\/#primaryimage\"},\"thumbnailUrl\":\"https:\\\/\\\/unisale.com.br\\\/pastoral\\\/wp-content\\\/uploads\\\/2024\\\/07\\\/images-4.jpeg\",\"datePublished\":\"2024-07-31T15:12:19+00:00\",\"author\":{\"@id\":\"https:\\\/\\\/unisale.com.br\\\/pastoral\\\/#\\\/schema\\\/person\\\/a16ba711a0f7dec9cb6b44563144d5a3\"},\"inLanguage\":\"pt-BR\",\"potentialAction\":[{\"@type\":\"ReadAction\",\"target\":[\"https:\\\/\\\/unisale.com.br\\\/novo\\\/02-08-um-profeta-so-nao-e-estimado-em-sua-propria-patria-e-em-sua-familia\\\/\"]}]},{\"@type\":\"ImageObject\",\"inLanguage\":\"pt-BR\",\"@id\":\"https:\\\/\\\/unisale.com.br\\\/novo\\\/02-08-um-profeta-so-nao-e-estimado-em-sua-propria-patria-e-em-sua-familia\\\/#primaryimage\",\"url\":\"https:\\\/\\\/unisale.com.br\\\/pastoral\\\/wp-content\\\/uploads\\\/2024\\\/07\\\/images-4.jpeg\",\"contentUrl\":\"https:\\\/\\\/unisale.com.br\\\/pastoral\\\/wp-content\\\/uploads\\\/2024\\\/07\\\/images-4.jpeg\",\"width\":359,\"height\":140},{\"@type\":\"WebSite\",\"@id\":\"https:\\\/\\\/unisale.com.br\\\/pastoral\\\/#website\",\"url\":\"https:\\\/\\\/unisale.com.br\\\/pastoral\\\/\",\"name\":\"Pastoral Universit\u00e1ria UniSALESIANO\",\"description\":\"Site da Pastoral Universit\u00e1ria do UniSALESIANO\",\"potentialAction\":[{\"@type\":\"SearchAction\",\"target\":{\"@type\":\"EntryPoint\",\"urlTemplate\":\"https:\\\/\\\/unisale.com.br\\\/pastoral\\\/?s={search_term_string}\"},\"query-input\":{\"@type\":\"PropertyValueSpecification\",\"valueRequired\":true,\"valueName\":\"search_term_string\"}}],\"inLanguage\":\"pt-BR\"},{\"@type\":\"Person\",\"@id\":\"https:\\\/\\\/unisale.com.br\\\/pastoral\\\/#\\\/schema\\\/person\\\/a16ba711a0f7dec9cb6b44563144d5a3\",\"name\":\"pastoral\",\"url\":\"https:\\\/\\\/unisale.com.br\\\/pastoral\\\/author\\\/pastoral\\\/\"}]}<\/script>\n<!-- \/ Yoast SEO plugin. -->","yoast_head_json":{"title":"02\/08 - Um profeta s\u00f3 n\u00e3o \u00e9 estimado em sua pr\u00f3pria p\u00e1tria e em sua fam\u00edlia - Pastoral Universit\u00e1ria UniSALESIANO","robots":{"index":"index","follow":"follow","max-snippet":"max-snippet:-1","max-image-preview":"max-image-preview:large","max-video-preview":"max-video-preview:-1"},"canonical":"https:\/\/unisale.com.br\/novo\/02-08-um-profeta-so-nao-e-estimado-em-sua-propria-patria-e-em-sua-familia\/","og_locale":"pt_BR","og_type":"article","og_title":"02\/08 - Um profeta s\u00f3 n\u00e3o \u00e9 estimado em sua pr\u00f3pria p\u00e1tria e em sua fam\u00edlia - Pastoral Universit\u00e1ria UniSALESIANO","og_description":"Sexta-feira, 02 de agosto de 2024. &nbsp; Evangelho (Mt 13,54-58) &nbsp; \u201cUm profeta s\u00f3 n\u00e3o \u00e9 estimado em sua pr\u00f3pria p\u00e1tria e em sua fam\u00edlia\u201d...","og_url":"https:\/\/unisale.com.br\/novo\/02-08-um-profeta-so-nao-e-estimado-em-sua-propria-patria-e-em-sua-familia\/","og_site_name":"Pastoral Universit\u00e1ria UniSALESIANO","article_published_time":"2024-07-31T15:12:19+00:00","author":"pastoral","twitter_card":"summary_large_image","twitter_misc":{"Escrito por":"pastoral","Est. tempo de leitura":"2 minutos"},"schema":{"@context":"https:\/\/schema.org","@graph":[{"@type":"Article","@id":"https:\/\/unisale.com.br\/novo\/02-08-um-profeta-so-nao-e-estimado-em-sua-propria-patria-e-em-sua-familia\/#article","isPartOf":{"@id":"https:\/\/unisale.com.br\/novo\/02-08-um-profeta-so-nao-e-estimado-em-sua-propria-patria-e-em-sua-familia\/"},"author":{"name":"pastoral","@id":"https:\/\/unisale.com.br\/pastoral\/#\/schema\/person\/a16ba711a0f7dec9cb6b44563144d5a3"},"headline":"02\/08 &#8211; Um profeta s\u00f3 n\u00e3o \u00e9 estimado em sua pr\u00f3pria p\u00e1tria e em sua fam\u00edlia","datePublished":"2024-07-31T15:12:19+00:00","mainEntityOfPage":{"@id":"https:\/\/unisale.com.br\/novo\/02-08-um-profeta-so-nao-e-estimado-em-sua-propria-patria-e-em-sua-familia\/"},"wordCount":465,"image":{"@id":"https:\/\/unisale.com.br\/novo\/02-08-um-profeta-so-nao-e-estimado-em-sua-propria-patria-e-em-sua-familia\/#primaryimage"},"thumbnailUrl":"https:\/\/unisale.com.br\/pastoral\/wp-content\/uploads\/2024\/07\/images-4.jpeg","articleSection":["Reflex\u00e3o do Evangelho"],"inLanguage":"pt-BR"},{"@type":"WebPage","@id":"https:\/\/unisale.com.br\/novo\/02-08-um-profeta-so-nao-e-estimado-em-sua-propria-patria-e-em-sua-familia\/","url":"https:\/\/unisale.com.br\/novo\/02-08-um-profeta-so-nao-e-estimado-em-sua-propria-patria-e-em-sua-familia\/","name":"02\/08 - Um profeta s\u00f3 n\u00e3o \u00e9 estimado em sua pr\u00f3pria p\u00e1tria e em sua fam\u00edlia - Pastoral Universit\u00e1ria UniSALESIANO","isPartOf":{"@id":"https:\/\/unisale.com.br\/pastoral\/#website"},"primaryImageOfPage":{"@id":"https:\/\/unisale.com.br\/novo\/02-08-um-profeta-so-nao-e-estimado-em-sua-propria-patria-e-em-sua-familia\/#primaryimage"},"image":{"@id":"https:\/\/unisale.com.br\/novo\/02-08-um-profeta-so-nao-e-estimado-em-sua-propria-patria-e-em-sua-familia\/#primaryimage"},"thumbnailUrl":"https:\/\/unisale.com.br\/pastoral\/wp-content\/uploads\/2024\/07\/images-4.jpeg","datePublished":"2024-07-31T15:12:19+00:00","author":{"@id":"https:\/\/unisale.com.br\/pastoral\/#\/schema\/person\/a16ba711a0f7dec9cb6b44563144d5a3"},"inLanguage":"pt-BR","potentialAction":[{"@type":"ReadAction","target":["https:\/\/unisale.com.br\/novo\/02-08-um-profeta-so-nao-e-estimado-em-sua-propria-patria-e-em-sua-familia\/"]}]},{"@type":"ImageObject","inLanguage":"pt-BR","@id":"https:\/\/unisale.com.br\/novo\/02-08-um-profeta-so-nao-e-estimado-em-sua-propria-patria-e-em-sua-familia\/#primaryimage","url":"https:\/\/unisale.com.br\/pastoral\/wp-content\/uploads\/2024\/07\/images-4.jpeg","contentUrl":"https:\/\/unisale.com.br\/pastoral\/wp-content\/uploads\/2024\/07\/images-4.jpeg","width":359,"height":140},{"@type":"WebSite","@id":"https:\/\/unisale.com.br\/pastoral\/#website","url":"https:\/\/unisale.com.br\/pastoral\/","name":"Pastoral Universit\u00e1ria UniSALESIANO","description":"Site da Pastoral Universit\u00e1ria do UniSALESIANO","potentialAction":[{"@type":"SearchAction","target":{"@type":"EntryPoint","urlTemplate":"https:\/\/unisale.com.br\/pastoral\/?s={search_term_string}"},"query-input":{"@type":"PropertyValueSpecification","valueRequired":true,"valueName":"search_term_string"}}],"inLanguage":"pt-BR"},{"@type":"Person","@id":"https:\/\/unisale.com.br\/pastoral\/#\/schema\/person\/a16ba711a0f7dec9cb6b44563144d5a3","name":"pastoral","url":"https:\/\/unisale.com.br\/pastoral\/author\/pastoral\/"}]}},"_links":{"self":[{"href":"https:\/\/unisale.com.br\/pastoral\/wp-json\/wp\/v2\/posts\/9573","targetHints":{"allow":["GET"]}}],"collection":[{"href":"https:\/\/unisale.com.br\/pastoral\/wp-json\/wp\/v2\/posts"}],"about":[{"href":"https:\/\/unisale.com.br\/pastoral\/wp-json\/wp\/v2\/types\/post"}],"author":[{"embeddable":true,"href":"https:\/\/unisale.com.br\/pastoral\/wp-json\/wp\/v2\/users\/1"}],"replies":[{"embeddable":true,"href":"https:\/\/unisale.com.br\/pastoral\/wp-json\/wp\/v2\/comments?post=9573"}],"version-history":[{"count":0,"href":"https:\/\/unisale.com.br\/pastoral\/wp-json\/wp\/v2\/posts\/9573\/revisions"}],"wp:featuredmedia":[{"embeddable":true,"href":"https:\/\/unisale.com.br\/pastoral\/wp-json\/wp\/v2\/media\/9574"}],"wp:attachment":[{"href":"https:\/\/unisale.com.br\/pastoral\/wp-json\/wp\/v2\/media?parent=9573"}],"wp:term":[{"taxonomy":"category","embeddable":true,"href":"https:\/\/unisale.com.br\/pastoral\/wp-json\/wp\/v2\/categories?post=9573"},{"taxonomy":"post_tag","embeddable":true,"href":"https:\/\/unisale.com.br\/pastoral\/wp-json\/wp\/v2\/tags?post=9573"}],"curies":[{"name":"wp","href":"https:\/\/api.w.org\/{rel}","templated":true}]}}