{"id":9588,"date":"2024-08-02T13:01:31","date_gmt":"2024-08-02T13:01:31","guid":{"rendered":"https:\/\/unisale.com.br\/pastoral\/?p=9588"},"modified":"2024-08-02T13:01:31","modified_gmt":"2024-08-02T13:01:31","slug":"06-08-este-e-o-meu-filho-amado-escutai-o-que-ele-diz","status":"publish","type":"post","link":"https:\/\/unisale.com.br\/pastoral\/06-08-este-e-o-meu-filho-amado-escutai-o-que-ele-diz\/","title":{"rendered":"06\/08 &#8211; Este \u00e9 o meu Filho amado. Escutai o que ele diz!"},"content":{"rendered":"<p>Ter\u00e7a-feira, 06 de agosto de 2024.<\/p>\n<p>&nbsp;<\/p>\n<p>Evangelho (Mc 9,2-10)<\/p>\n<p>&nbsp;<\/p>\n<p><strong>\u201cEste \u00e9 o meu Filho amado. Escutai o que ele diz!\u201d<\/strong><\/p>\n<p>&nbsp;<\/p>\n<p>Naquele tempo: <sup>2<\/sup>Jesus tomou consigo Pedro, Tiago e Jo\u00e3o, e os levou sozinhos a um lugar \u00e0 parte sobre uma alta montanha. E transfigurou-se diante deles. <sup>3<\/sup>Suas roupas ficaram brilhantes e t\u00e3o brancas como nenhuma lavadeira sobre a terra poderia alvejar. <sup>4<\/sup>Apareceram-lhe Elias e Mois\u00e9s, e estavam conversando com Jesus. <sup>5<\/sup>Ent\u00e3o Pedro tomou a palavra e disse a Jesus: &#8216;Mestre, \u00e9 bom ficarmos aqui. Vamos fazer tr\u00eas tendas: uma para ti, outra para Mois\u00e9s e outra para Elias.&#8217; <sup>6<\/sup>Pedro n\u00e3o sabia o que dizer, pois estavam todos com muito medo. <sup>7<\/sup>Ent\u00e3o desceu uma nuvem e os encobriu com sua sombra. E da nuvem saiu uma voz: &#8216;Este \u00e9 o meu Filho amado. Escutai o que ele diz!&#8217; <sup>8<\/sup>E, de repente, olhando em volta, n\u00e3o viram mais ningu\u00e9m, a n\u00e3o ser somente Jesus com eles. <sup>9<\/sup>Ao descerem da montanha, Jesus ordenou que n\u00e3o contassem a ningu\u00e9m o que tinham visto, at\u00e9 que o Filho do Homem tivesse ressuscitado dos mortos. <sup>10<\/sup>Eles observaram esta ordem, mas comentavam entre si o que queria dizer &#8216;ressuscitar dos mortos&#8217;.<\/p>\n<p>&nbsp;<\/p>\n<p><strong>Reflex\u00e3o<\/strong><\/p>\n<p>&nbsp;<\/p>\n<p>Jesus leva consigo Pedro, Tiago e Jo\u00e3o a um monte elevado e se transfigura diante deles. Ficou resplandecente de uma brancura que lavadeira alguma sobre a terra poder alvejar as suas vestes assim. A liturgia nos convida a fixar o nosso olhar nesse Mist\u00e9rio de Luz. No rosto transfigurado de Jesus brilha um raio de luz divina. A luz que conservava no seu \u00edntimo, Ele a mostrou aos tr\u00eas disc\u00edpulos que o acompanharam. Esta mesma luz estar\u00e1 presente no Cristo ressuscitado. A transfigura\u00e7\u00e3o \u00e9 uma antecipa\u00e7\u00e3o do que est\u00e1 por vir. Essa lua divina s\u00f3 pode ser vista com o cora\u00e7\u00e3o e a Festa da Transfigura\u00e7\u00e3o nos convida a abrir os olhos do nosso cora\u00e7\u00e3o para o Mist\u00e9rio da Luz de Deus, presente em toda a hist\u00f3ria da salva\u00e7\u00e3o. Desde a cria\u00e7\u00e3o do mundo, quando Deus separou a luz e as trevas. A luz revela algo de Deus. Quando Deus aparece, o seu esplendor \u00e9 como a luz. Como afirma o Salmo 104; \u201cA luz \u00e9 o manto com que Deus se reveste\u201d. Cristo \u00e9 a plena manifesta\u00e7\u00e3o da luz de Deus. A Ressurrei\u00e7\u00e3o de Cristo debelou para sempre o poder das trevas do mal. Com Cristo Ressuscitado a verdade triunfa sobre o pecado. Em Cristo Ressuscitado, a luz de Deus ilumina a vida dos homens. Jesus \u00e9 a luz do mundo, e quem o segue n\u00e3o anda nas trevas, mas possui em si a Luz da Vida (Jo 8,12). Mais do que nunca n\u00f3s tamb\u00e9m precisamos sair das trevas do mal, pois somos filhos da Luz. (cf. Bento XVI)<\/p>\n<p><strong>Pe. Paulo Eduardo J\u00e1como, SDB.\u00a0<\/strong><\/p>\n","protected":false},"excerpt":{"rendered":"<p>Ter\u00e7a-feira, 06 de agosto de 2024. &nbsp; Evangelho (Mc 9,2-10) &nbsp; \u201cEste \u00e9 o meu Filho amado. Escutai o que ele diz!\u201d &nbsp; Naquele tempo:&#8230;<\/p>\n","protected":false},"author":1,"featured_media":9589,"comment_status":"closed","ping_status":"closed","sticky":false,"template":"","format":"standard","meta":{"_acf_changed":false,"footnotes":""},"categories":[13],"tags":[],"class_list":["post-9588","post","type-post","status-publish","format-standard","has-post-thumbnail","hentry","category-reflexaodoevagelho"],"acf":[],"yoast_head":"<!-- This site is optimized with the Yoast SEO plugin v27.3 - https:\/\/yoast.com\/product\/yoast-seo-wordpress\/ -->\n<title>06\/08 - Este \u00e9 o meu Filho amado. Escutai o que ele diz! - Pastoral Universit\u00e1ria UniSALESIANO<\/title>\n<meta name=\"robots\" content=\"index, follow, max-snippet:-1, max-image-preview:large, max-video-preview:-1\" \/>\n<link rel=\"canonical\" href=\"https:\/\/unisale.com.br\/novo\/06-08-este-e-o-meu-filho-amado-escutai-o-que-ele-diz\/\" \/>\n<meta property=\"og:locale\" content=\"pt_BR\" \/>\n<meta property=\"og:type\" content=\"article\" \/>\n<meta property=\"og:title\" content=\"06\/08 - Este \u00e9 o meu Filho amado. Escutai o que ele diz! - Pastoral Universit\u00e1ria UniSALESIANO\" \/>\n<meta property=\"og:description\" content=\"Ter\u00e7a-feira, 06 de agosto de 2024. &nbsp; Evangelho (Mc 9,2-10) &nbsp; \u201cEste \u00e9 o meu Filho amado. Escutai o que ele diz!\u201d &nbsp; Naquele tempo:...\" \/>\n<meta property=\"og:url\" content=\"https:\/\/unisale.com.br\/novo\/06-08-este-e-o-meu-filho-amado-escutai-o-que-ele-diz\/\" \/>\n<meta property=\"og:site_name\" content=\"Pastoral Universit\u00e1ria UniSALESIANO\" \/>\n<meta property=\"article:published_time\" content=\"2024-08-02T13:01:31+00:00\" \/>\n<meta name=\"author\" content=\"pastoral\" \/>\n<meta name=\"twitter:card\" content=\"summary_large_image\" \/>\n<meta name=\"twitter:label1\" content=\"Escrito por\" \/>\n\t<meta name=\"twitter:data1\" content=\"pastoral\" \/>\n\t<meta name=\"twitter:label2\" content=\"Est. tempo de leitura\" \/>\n\t<meta name=\"twitter:data2\" content=\"2 minutos\" \/>\n<script type=\"application\/ld+json\" class=\"yoast-schema-graph\">{\"@context\":\"https:\\\/\\\/schema.org\",\"@graph\":[{\"@type\":\"Article\",\"@id\":\"https:\\\/\\\/unisale.com.br\\\/novo\\\/06-08-este-e-o-meu-filho-amado-escutai-o-que-ele-diz\\\/#article\",\"isPartOf\":{\"@id\":\"https:\\\/\\\/unisale.com.br\\\/novo\\\/06-08-este-e-o-meu-filho-amado-escutai-o-que-ele-diz\\\/\"},\"author\":{\"name\":\"pastoral\",\"@id\":\"https:\\\/\\\/unisale.com.br\\\/pastoral\\\/#\\\/schema\\\/person\\\/a16ba711a0f7dec9cb6b44563144d5a3\"},\"headline\":\"06\\\/08 &#8211; Este \u00e9 o meu Filho amado. Escutai o que ele diz!\",\"datePublished\":\"2024-08-02T13:01:31+00:00\",\"mainEntityOfPage\":{\"@id\":\"https:\\\/\\\/unisale.com.br\\\/novo\\\/06-08-este-e-o-meu-filho-amado-escutai-o-que-ele-diz\\\/\"},\"wordCount\":497,\"image\":{\"@id\":\"https:\\\/\\\/unisale.com.br\\\/novo\\\/06-08-este-e-o-meu-filho-amado-escutai-o-que-ele-diz\\\/#primaryimage\"},\"thumbnailUrl\":\"https:\\\/\\\/unisale.com.br\\\/pastoral\\\/wp-content\\\/uploads\\\/2024\\\/08\\\/download-11.jpeg\",\"articleSection\":[\"Reflex\u00e3o do Evangelho\"],\"inLanguage\":\"pt-BR\"},{\"@type\":\"WebPage\",\"@id\":\"https:\\\/\\\/unisale.com.br\\\/novo\\\/06-08-este-e-o-meu-filho-amado-escutai-o-que-ele-diz\\\/\",\"url\":\"https:\\\/\\\/unisale.com.br\\\/novo\\\/06-08-este-e-o-meu-filho-amado-escutai-o-que-ele-diz\\\/\",\"name\":\"06\\\/08 - Este \u00e9 o meu Filho amado. Escutai o que ele diz! - Pastoral Universit\u00e1ria UniSALESIANO\",\"isPartOf\":{\"@id\":\"https:\\\/\\\/unisale.com.br\\\/pastoral\\\/#website\"},\"primaryImageOfPage\":{\"@id\":\"https:\\\/\\\/unisale.com.br\\\/novo\\\/06-08-este-e-o-meu-filho-amado-escutai-o-que-ele-diz\\\/#primaryimage\"},\"image\":{\"@id\":\"https:\\\/\\\/unisale.com.br\\\/novo\\\/06-08-este-e-o-meu-filho-amado-escutai-o-que-ele-diz\\\/#primaryimage\"},\"thumbnailUrl\":\"https:\\\/\\\/unisale.com.br\\\/pastoral\\\/wp-content\\\/uploads\\\/2024\\\/08\\\/download-11.jpeg\",\"datePublished\":\"2024-08-02T13:01:31+00:00\",\"author\":{\"@id\":\"https:\\\/\\\/unisale.com.br\\\/pastoral\\\/#\\\/schema\\\/person\\\/a16ba711a0f7dec9cb6b44563144d5a3\"},\"inLanguage\":\"pt-BR\",\"potentialAction\":[{\"@type\":\"ReadAction\",\"target\":[\"https:\\\/\\\/unisale.com.br\\\/novo\\\/06-08-este-e-o-meu-filho-amado-escutai-o-que-ele-diz\\\/\"]}]},{\"@type\":\"ImageObject\",\"inLanguage\":\"pt-BR\",\"@id\":\"https:\\\/\\\/unisale.com.br\\\/novo\\\/06-08-este-e-o-meu-filho-amado-escutai-o-que-ele-diz\\\/#primaryimage\",\"url\":\"https:\\\/\\\/unisale.com.br\\\/pastoral\\\/wp-content\\\/uploads\\\/2024\\\/08\\\/download-11.jpeg\",\"contentUrl\":\"https:\\\/\\\/unisale.com.br\\\/pastoral\\\/wp-content\\\/uploads\\\/2024\\\/08\\\/download-11.jpeg\",\"width\":300,\"height\":168},{\"@type\":\"WebSite\",\"@id\":\"https:\\\/\\\/unisale.com.br\\\/pastoral\\\/#website\",\"url\":\"https:\\\/\\\/unisale.com.br\\\/pastoral\\\/\",\"name\":\"Pastoral Universit\u00e1ria UniSALESIANO\",\"description\":\"Site da Pastoral Universit\u00e1ria do UniSALESIANO\",\"potentialAction\":[{\"@type\":\"SearchAction\",\"target\":{\"@type\":\"EntryPoint\",\"urlTemplate\":\"https:\\\/\\\/unisale.com.br\\\/pastoral\\\/?s={search_term_string}\"},\"query-input\":{\"@type\":\"PropertyValueSpecification\",\"valueRequired\":true,\"valueName\":\"search_term_string\"}}],\"inLanguage\":\"pt-BR\"},{\"@type\":\"Person\",\"@id\":\"https:\\\/\\\/unisale.com.br\\\/pastoral\\\/#\\\/schema\\\/person\\\/a16ba711a0f7dec9cb6b44563144d5a3\",\"name\":\"pastoral\",\"url\":\"https:\\\/\\\/unisale.com.br\\\/pastoral\\\/author\\\/pastoral\\\/\"}]}<\/script>\n<!-- \/ Yoast SEO plugin. -->","yoast_head_json":{"title":"06\/08 - Este \u00e9 o meu Filho amado. Escutai o que ele diz! - Pastoral Universit\u00e1ria UniSALESIANO","robots":{"index":"index","follow":"follow","max-snippet":"max-snippet:-1","max-image-preview":"max-image-preview:large","max-video-preview":"max-video-preview:-1"},"canonical":"https:\/\/unisale.com.br\/novo\/06-08-este-e-o-meu-filho-amado-escutai-o-que-ele-diz\/","og_locale":"pt_BR","og_type":"article","og_title":"06\/08 - Este \u00e9 o meu Filho amado. Escutai o que ele diz! - Pastoral Universit\u00e1ria UniSALESIANO","og_description":"Ter\u00e7a-feira, 06 de agosto de 2024. &nbsp; Evangelho (Mc 9,2-10) &nbsp; \u201cEste \u00e9 o meu Filho amado. Escutai o que ele diz!\u201d &nbsp; Naquele tempo:...","og_url":"https:\/\/unisale.com.br\/novo\/06-08-este-e-o-meu-filho-amado-escutai-o-que-ele-diz\/","og_site_name":"Pastoral Universit\u00e1ria UniSALESIANO","article_published_time":"2024-08-02T13:01:31+00:00","author":"pastoral","twitter_card":"summary_large_image","twitter_misc":{"Escrito por":"pastoral","Est. tempo de leitura":"2 minutos"},"schema":{"@context":"https:\/\/schema.org","@graph":[{"@type":"Article","@id":"https:\/\/unisale.com.br\/novo\/06-08-este-e-o-meu-filho-amado-escutai-o-que-ele-diz\/#article","isPartOf":{"@id":"https:\/\/unisale.com.br\/novo\/06-08-este-e-o-meu-filho-amado-escutai-o-que-ele-diz\/"},"author":{"name":"pastoral","@id":"https:\/\/unisale.com.br\/pastoral\/#\/schema\/person\/a16ba711a0f7dec9cb6b44563144d5a3"},"headline":"06\/08 &#8211; Este \u00e9 o meu Filho amado. Escutai o que ele diz!","datePublished":"2024-08-02T13:01:31+00:00","mainEntityOfPage":{"@id":"https:\/\/unisale.com.br\/novo\/06-08-este-e-o-meu-filho-amado-escutai-o-que-ele-diz\/"},"wordCount":497,"image":{"@id":"https:\/\/unisale.com.br\/novo\/06-08-este-e-o-meu-filho-amado-escutai-o-que-ele-diz\/#primaryimage"},"thumbnailUrl":"https:\/\/unisale.com.br\/pastoral\/wp-content\/uploads\/2024\/08\/download-11.jpeg","articleSection":["Reflex\u00e3o do Evangelho"],"inLanguage":"pt-BR"},{"@type":"WebPage","@id":"https:\/\/unisale.com.br\/novo\/06-08-este-e-o-meu-filho-amado-escutai-o-que-ele-diz\/","url":"https:\/\/unisale.com.br\/novo\/06-08-este-e-o-meu-filho-amado-escutai-o-que-ele-diz\/","name":"06\/08 - Este \u00e9 o meu Filho amado. Escutai o que ele diz! - Pastoral Universit\u00e1ria UniSALESIANO","isPartOf":{"@id":"https:\/\/unisale.com.br\/pastoral\/#website"},"primaryImageOfPage":{"@id":"https:\/\/unisale.com.br\/novo\/06-08-este-e-o-meu-filho-amado-escutai-o-que-ele-diz\/#primaryimage"},"image":{"@id":"https:\/\/unisale.com.br\/novo\/06-08-este-e-o-meu-filho-amado-escutai-o-que-ele-diz\/#primaryimage"},"thumbnailUrl":"https:\/\/unisale.com.br\/pastoral\/wp-content\/uploads\/2024\/08\/download-11.jpeg","datePublished":"2024-08-02T13:01:31+00:00","author":{"@id":"https:\/\/unisale.com.br\/pastoral\/#\/schema\/person\/a16ba711a0f7dec9cb6b44563144d5a3"},"inLanguage":"pt-BR","potentialAction":[{"@type":"ReadAction","target":["https:\/\/unisale.com.br\/novo\/06-08-este-e-o-meu-filho-amado-escutai-o-que-ele-diz\/"]}]},{"@type":"ImageObject","inLanguage":"pt-BR","@id":"https:\/\/unisale.com.br\/novo\/06-08-este-e-o-meu-filho-amado-escutai-o-que-ele-diz\/#primaryimage","url":"https:\/\/unisale.com.br\/pastoral\/wp-content\/uploads\/2024\/08\/download-11.jpeg","contentUrl":"https:\/\/unisale.com.br\/pastoral\/wp-content\/uploads\/2024\/08\/download-11.jpeg","width":300,"height":168},{"@type":"WebSite","@id":"https:\/\/unisale.com.br\/pastoral\/#website","url":"https:\/\/unisale.com.br\/pastoral\/","name":"Pastoral Universit\u00e1ria UniSALESIANO","description":"Site da Pastoral Universit\u00e1ria do UniSALESIANO","potentialAction":[{"@type":"SearchAction","target":{"@type":"EntryPoint","urlTemplate":"https:\/\/unisale.com.br\/pastoral\/?s={search_term_string}"},"query-input":{"@type":"PropertyValueSpecification","valueRequired":true,"valueName":"search_term_string"}}],"inLanguage":"pt-BR"},{"@type":"Person","@id":"https:\/\/unisale.com.br\/pastoral\/#\/schema\/person\/a16ba711a0f7dec9cb6b44563144d5a3","name":"pastoral","url":"https:\/\/unisale.com.br\/pastoral\/author\/pastoral\/"}]}},"_links":{"self":[{"href":"https:\/\/unisale.com.br\/pastoral\/wp-json\/wp\/v2\/posts\/9588","targetHints":{"allow":["GET"]}}],"collection":[{"href":"https:\/\/unisale.com.br\/pastoral\/wp-json\/wp\/v2\/posts"}],"about":[{"href":"https:\/\/unisale.com.br\/pastoral\/wp-json\/wp\/v2\/types\/post"}],"author":[{"embeddable":true,"href":"https:\/\/unisale.com.br\/pastoral\/wp-json\/wp\/v2\/users\/1"}],"replies":[{"embeddable":true,"href":"https:\/\/unisale.com.br\/pastoral\/wp-json\/wp\/v2\/comments?post=9588"}],"version-history":[{"count":0,"href":"https:\/\/unisale.com.br\/pastoral\/wp-json\/wp\/v2\/posts\/9588\/revisions"}],"wp:featuredmedia":[{"embeddable":true,"href":"https:\/\/unisale.com.br\/pastoral\/wp-json\/wp\/v2\/media\/9589"}],"wp:attachment":[{"href":"https:\/\/unisale.com.br\/pastoral\/wp-json\/wp\/v2\/media?parent=9588"}],"wp:term":[{"taxonomy":"category","embeddable":true,"href":"https:\/\/unisale.com.br\/pastoral\/wp-json\/wp\/v2\/categories?post=9588"},{"taxonomy":"post_tag","embeddable":true,"href":"https:\/\/unisale.com.br\/pastoral\/wp-json\/wp\/v2\/tags?post=9588"}],"curies":[{"name":"wp","href":"https:\/\/api.w.org\/{rel}","templated":true}]}}