{"id":9637,"date":"2024-08-08T11:05:15","date_gmt":"2024-08-08T11:05:15","guid":{"rendered":"https:\/\/unisale.com.br\/pastoral\/?p=9637"},"modified":"2024-08-08T11:05:15","modified_gmt":"2024-08-08T11:05:15","slug":"18-08-a-minha-alma-engradece-ao-senhor","status":"publish","type":"post","link":"https:\/\/unisale.com.br\/pastoral\/18-08-a-minha-alma-engradece-ao-senhor\/","title":{"rendered":"18\/08 &#8211; A minha alma engradece ao Senhor&#8230;"},"content":{"rendered":"<p>Domingo 18 de agosto de 2024.<\/p>\n<p>Evangelho (Lc 1,39-56)<\/p>\n<p>&nbsp;<\/p>\n<p><strong>\u201cA minha alma engradece ao Senhor&#8230;\u201d<\/strong><\/p>\n<p>&nbsp;<\/p>\n<p>Naqueles dias, <sup>39<\/sup>Maria partiu para a regi\u00e3o montanhosa, dirigindo-se, apressadamente, a uma cidade da Judeia. <sup>40<\/sup>Entrou na casa de Zacarias e cumprimentou Isabel. <sup>41<\/sup>Quando Isabel ouviu a sauda\u00e7\u00e3o de Maria, a crian\u00e7a pulou no seu ventre e Isabel ficou cheia do Esp\u00edrito Santo. <sup>42<\/sup>Com um grande grito, exclamou: \u201cBendita \u00e9s tu entre as mulheres e bendito \u00e9 o fruto do teu ventre! <sup>43<\/sup>Como posso merecer que a m\u00e3e do meu Senhor me venha visitar? <sup>44<\/sup>Logo que a tua sauda\u00e7\u00e3o chegou aos meus ouvidos, a crian\u00e7a pulou de alegria no meu ventre. <sup>45<\/sup>Bem-aventurada aquela que acreditou, porque ser\u00e1 cumprido o que o Senhor lhe prometeu\u201d. <sup>46<\/sup>Ent\u00e3o Maria disse: \u201cA minha alma engrandece o Senhor, <sup>47<\/sup>e o meu esp\u00edrito se alegra em Deus, meu Salvador, <sup>48<\/sup>porque olhou para a humildade de sua serva. Doravante todas as gera\u00e7\u00f5es me chamar\u00e3o bem-aventurada, <sup>49<\/sup>porque o Todo-poderoso fez grandes coisas em meu favor. O seu nome \u00e9 santo, <sup>50<\/sup>e sua miseric\u00f3rdia se estende, de gera\u00e7\u00e3o em gera\u00e7\u00e3o, a todos os que o respeitam. <sup>51<\/sup>Ele mostrou a for\u00e7a de seu bra\u00e7o: dispersou os soberbos de cora\u00e7\u00e3o. <sup>52<\/sup>Derrubou do trono os poderosos e elevou os humildes. <sup>53<\/sup>Encheu de bens os famintos, e despediu os ricos de m\u00e3os vazias. <sup>54<\/sup>Socorreu Israel, seu servo, lembrando-se de sua miseric\u00f3rdia, <sup>55<\/sup>conforme prometera aos nossos pais, em favor de Abra\u00e3o e de sua descend\u00eancia, para sempre\u201d. <sup>56<\/sup>Maria ficou tr\u00eas meses com Isabel; depois voltou para casa.<\/p>\n<p>&nbsp;<\/p>\n<p><strong>Reflex\u00e3o<\/strong><\/p>\n<p>&nbsp;<\/p>\n<p>A Festa da Assun\u00e7\u00e3o de Nossa Senhora \u00e9 para n\u00f3s a festa da alegria, afinal, Deus venceu, o amor venceu, a vida venceu. Poder dizer tamb\u00e9m com esta festa que o amor \u00e9 mais forte do que a morte. Deus tem a verdadeira for\u00e7a que \u00e9 bondade e amor. Celebremos a entrada de Maria no c\u00e9u. Ela foi levada ao c\u00e9u em corpo e alma. No c\u00e9u temo uma M\u00e3e. E a M\u00e3e de Deus, a M\u00e3e do Filho de Deus, \u00e9 a nossa M\u00e3e. Foi Jesus mesmo quem constituiu a Sua M\u00e3e como nossa M\u00e3e. Portanto, no C\u00e9u temos uma M\u00e3e.<\/p>\n<p>No Evangelho ouvimos o Magnificat, esta poesia pronunciada pelo cora\u00e7\u00e3o de Maria, inspirada pelo Esp\u00edrito Santo. Nele se reflete toda a alma e toda personalidade de Maria. \u00c9 o grande \u00edcone de Maria, nele podemos ver como Ela \u00e9. O in\u00edcio do C\u00e2ntico expressa o desejo de Maria: engrandecer Deus. Maria deseja que Deus seja grande no mundo, seja grande na sua vida. Deus n\u00e3o tira a nossa liberdade, com Ele nossa vida n\u00e3o \u00e9 oprimida, ela torna-se grande no esplendor de Deus. Muitos de nossos antepassados pensavam que deveriam por Deus de lado e essa \u00e9 a grande tenta\u00e7\u00e3o da \u00e9poca moderna. \u201cAntes pensava-se e acreditava-se que, afastando Deus e sendo aut\u00f4nomos, seguindo somente as nossas ideias, a nossa vontade, nos tornar\u00edamos realmente livres, podendo fazer quanto quis\u00e9ssemos sem que ningu\u00e9m pudesse dar-nos alguma ordem. Mas, onde desaparece Deus, o homem n\u00e3o se torna grande; ao contr\u00e1rio, perde a dignidade divina, perde o esplendor de Deus no seu rosto. No fim, resulta somente o produto de uma evolu\u00e7\u00e3o cega e, como tal, pode ser usado e abusado\u201d (Bento XVI). Somente se Deus \u00e9 grande, o homem tamb\u00e9m \u00e9 grande. E Maria nos ensina que \u00e9 assim. N\u00e3o devemos nos distanciar de Deus, mas faz\u00ea-lo sempre presente, fazer com que Ele seja grande na nossa vida.<\/p>\n<p>O C\u00e2ntico do Magnificat \u00e9 tecido com fios do Antigo Testamento, \u00e9 feito da Palavra de Deus. Portanto, sendo uma poesia que saiu dos l\u00e1bios de Maria, podemos dizer que Maria vivia da Palavra, estava imbu\u00edda da Palavra de Deus, pensava com as palavras de Deus, os seus pensamentos eram os pensamentos de Deus, as suas palavras aas palavras de Deus. Era invadida pela luz divina e por isso era t\u00e3o radiante de amor e de vontade. Maria estava imersa na Palavra de Deus e por isso era t\u00e3o radiante de bondade e de amor. \u201cQuem pensa com Deus pensa bem, e quem fala com Deus fala bem. Tem crit\u00e9rios de ju\u00edzos v\u00e1lidos. Torna-se s\u00e1bio, prudente e ao mesmo tempo, bom: torna-se tamb\u00e9m forte e corajoso, com a for\u00e7a de Deus que resiste ao mal e promove o bem no mundo.<\/p>\n<p>Maria \u00e9 elevada em corpo e alma \u00e0 Gl\u00f3ria do C\u00e9u e com Deus e em Deus \u00e9 Rainha do C\u00e9u e da Terra. E porque est\u00e1 com Deus e em Deus, Ela est\u00e1 pert\u00edssima de n\u00f3s. Conhece o nosso cora\u00e7\u00e3o, pode ouvir as nossas ora\u00e7\u00f5es, pode ajudar-nos com a sua bondade de M\u00e3e. Ela nos escuta sempre, est\u00e1 sempre perto.<\/p>\n<p>Neste dia, demos gra\u00e7as ao Senhor pelo dom da M\u00e3e e rezemos a Maria, a fim de que nos ajude a encontrar o caminho justo todos os dias.<\/p>\n<p>&nbsp;<\/p>\n<p><em>(Cf. Bento XVI) <\/em><\/p>\n<p>&nbsp;<\/p>\n<p><strong>Pe. Paulo Eduardo J\u00e1como, SDB.\u00a0<\/strong><\/p>\n","protected":false},"excerpt":{"rendered":"<p>Domingo 18 de agosto de 2024. Evangelho (Lc 1,39-56) &nbsp; \u201cA minha alma engradece ao Senhor&#8230;\u201d &nbsp; Naqueles dias, 39Maria partiu para a regi\u00e3o montanhosa,&#8230;<\/p>\n","protected":false},"author":1,"featured_media":9638,"comment_status":"closed","ping_status":"closed","sticky":false,"template":"","format":"standard","meta":{"_acf_changed":false,"footnotes":""},"categories":[13],"tags":[],"class_list":["post-9637","post","type-post","status-publish","format-standard","has-post-thumbnail","hentry","category-reflexaodoevagelho"],"acf":[],"yoast_head":"<!-- This site is optimized with the Yoast SEO plugin v27.3 - https:\/\/yoast.com\/product\/yoast-seo-wordpress\/ -->\n<title>18\/08 - A minha alma engradece ao Senhor... - Pastoral Universit\u00e1ria UniSALESIANO<\/title>\n<meta name=\"robots\" content=\"index, follow, max-snippet:-1, max-image-preview:large, max-video-preview:-1\" \/>\n<link rel=\"canonical\" href=\"https:\/\/unisale.com.br\/novo\/18-08-a-minha-alma-engradece-ao-senhor\/\" \/>\n<meta property=\"og:locale\" content=\"pt_BR\" \/>\n<meta property=\"og:type\" content=\"article\" \/>\n<meta property=\"og:title\" content=\"18\/08 - A minha alma engradece ao Senhor... - Pastoral Universit\u00e1ria UniSALESIANO\" \/>\n<meta property=\"og:description\" content=\"Domingo 18 de agosto de 2024. Evangelho (Lc 1,39-56) &nbsp; \u201cA minha alma engradece ao Senhor&#8230;\u201d &nbsp; Naqueles dias, 39Maria partiu para a regi\u00e3o montanhosa,...\" \/>\n<meta property=\"og:url\" content=\"https:\/\/unisale.com.br\/novo\/18-08-a-minha-alma-engradece-ao-senhor\/\" \/>\n<meta property=\"og:site_name\" content=\"Pastoral Universit\u00e1ria UniSALESIANO\" \/>\n<meta property=\"article:published_time\" content=\"2024-08-08T11:05:15+00:00\" \/>\n<meta name=\"author\" content=\"pastoral\" \/>\n<meta name=\"twitter:card\" content=\"summary_large_image\" \/>\n<meta name=\"twitter:label1\" content=\"Escrito por\" \/>\n\t<meta name=\"twitter:data1\" content=\"pastoral\" \/>\n\t<meta name=\"twitter:label2\" content=\"Est. tempo de leitura\" \/>\n\t<meta name=\"twitter:data2\" content=\"4 minutos\" \/>\n<script type=\"application\/ld+json\" class=\"yoast-schema-graph\">{\"@context\":\"https:\\\/\\\/schema.org\",\"@graph\":[{\"@type\":\"Article\",\"@id\":\"https:\\\/\\\/unisale.com.br\\\/novo\\\/18-08-a-minha-alma-engradece-ao-senhor\\\/#article\",\"isPartOf\":{\"@id\":\"https:\\\/\\\/unisale.com.br\\\/novo\\\/18-08-a-minha-alma-engradece-ao-senhor\\\/\"},\"author\":{\"name\":\"pastoral\",\"@id\":\"https:\\\/\\\/unisale.com.br\\\/pastoral\\\/#\\\/schema\\\/person\\\/a16ba711a0f7dec9cb6b44563144d5a3\"},\"headline\":\"18\\\/08 &#8211; A minha alma engradece ao Senhor&#8230;\",\"datePublished\":\"2024-08-08T11:05:15+00:00\",\"mainEntityOfPage\":{\"@id\":\"https:\\\/\\\/unisale.com.br\\\/novo\\\/18-08-a-minha-alma-engradece-ao-senhor\\\/\"},\"wordCount\":875,\"image\":{\"@id\":\"https:\\\/\\\/unisale.com.br\\\/novo\\\/18-08-a-minha-alma-engradece-ao-senhor\\\/#primaryimage\"},\"thumbnailUrl\":\"https:\\\/\\\/unisale.com.br\\\/pastoral\\\/wp-content\\\/uploads\\\/2024\\\/08\\\/download-14.jpeg\",\"articleSection\":[\"Reflex\u00e3o do Evangelho\"],\"inLanguage\":\"pt-BR\"},{\"@type\":\"WebPage\",\"@id\":\"https:\\\/\\\/unisale.com.br\\\/novo\\\/18-08-a-minha-alma-engradece-ao-senhor\\\/\",\"url\":\"https:\\\/\\\/unisale.com.br\\\/novo\\\/18-08-a-minha-alma-engradece-ao-senhor\\\/\",\"name\":\"18\\\/08 - A minha alma engradece ao Senhor... - Pastoral Universit\u00e1ria UniSALESIANO\",\"isPartOf\":{\"@id\":\"https:\\\/\\\/unisale.com.br\\\/pastoral\\\/#website\"},\"primaryImageOfPage\":{\"@id\":\"https:\\\/\\\/unisale.com.br\\\/novo\\\/18-08-a-minha-alma-engradece-ao-senhor\\\/#primaryimage\"},\"image\":{\"@id\":\"https:\\\/\\\/unisale.com.br\\\/novo\\\/18-08-a-minha-alma-engradece-ao-senhor\\\/#primaryimage\"},\"thumbnailUrl\":\"https:\\\/\\\/unisale.com.br\\\/pastoral\\\/wp-content\\\/uploads\\\/2024\\\/08\\\/download-14.jpeg\",\"datePublished\":\"2024-08-08T11:05:15+00:00\",\"author\":{\"@id\":\"https:\\\/\\\/unisale.com.br\\\/pastoral\\\/#\\\/schema\\\/person\\\/a16ba711a0f7dec9cb6b44563144d5a3\"},\"inLanguage\":\"pt-BR\",\"potentialAction\":[{\"@type\":\"ReadAction\",\"target\":[\"https:\\\/\\\/unisale.com.br\\\/novo\\\/18-08-a-minha-alma-engradece-ao-senhor\\\/\"]}]},{\"@type\":\"ImageObject\",\"inLanguage\":\"pt-BR\",\"@id\":\"https:\\\/\\\/unisale.com.br\\\/novo\\\/18-08-a-minha-alma-engradece-ao-senhor\\\/#primaryimage\",\"url\":\"https:\\\/\\\/unisale.com.br\\\/pastoral\\\/wp-content\\\/uploads\\\/2024\\\/08\\\/download-14.jpeg\",\"contentUrl\":\"https:\\\/\\\/unisale.com.br\\\/pastoral\\\/wp-content\\\/uploads\\\/2024\\\/08\\\/download-14.jpeg\",\"width\":261,\"height\":193},{\"@type\":\"WebSite\",\"@id\":\"https:\\\/\\\/unisale.com.br\\\/pastoral\\\/#website\",\"url\":\"https:\\\/\\\/unisale.com.br\\\/pastoral\\\/\",\"name\":\"Pastoral Universit\u00e1ria UniSALESIANO\",\"description\":\"Site da Pastoral Universit\u00e1ria do UniSALESIANO\",\"potentialAction\":[{\"@type\":\"SearchAction\",\"target\":{\"@type\":\"EntryPoint\",\"urlTemplate\":\"https:\\\/\\\/unisale.com.br\\\/pastoral\\\/?s={search_term_string}\"},\"query-input\":{\"@type\":\"PropertyValueSpecification\",\"valueRequired\":true,\"valueName\":\"search_term_string\"}}],\"inLanguage\":\"pt-BR\"},{\"@type\":\"Person\",\"@id\":\"https:\\\/\\\/unisale.com.br\\\/pastoral\\\/#\\\/schema\\\/person\\\/a16ba711a0f7dec9cb6b44563144d5a3\",\"name\":\"pastoral\",\"url\":\"https:\\\/\\\/unisale.com.br\\\/pastoral\\\/author\\\/pastoral\\\/\"}]}<\/script>\n<!-- \/ Yoast SEO plugin. -->","yoast_head_json":{"title":"18\/08 - A minha alma engradece ao Senhor... - Pastoral Universit\u00e1ria UniSALESIANO","robots":{"index":"index","follow":"follow","max-snippet":"max-snippet:-1","max-image-preview":"max-image-preview:large","max-video-preview":"max-video-preview:-1"},"canonical":"https:\/\/unisale.com.br\/novo\/18-08-a-minha-alma-engradece-ao-senhor\/","og_locale":"pt_BR","og_type":"article","og_title":"18\/08 - A minha alma engradece ao Senhor... - Pastoral Universit\u00e1ria UniSALESIANO","og_description":"Domingo 18 de agosto de 2024. Evangelho (Lc 1,39-56) &nbsp; \u201cA minha alma engradece ao Senhor&#8230;\u201d &nbsp; Naqueles dias, 39Maria partiu para a regi\u00e3o montanhosa,...","og_url":"https:\/\/unisale.com.br\/novo\/18-08-a-minha-alma-engradece-ao-senhor\/","og_site_name":"Pastoral Universit\u00e1ria UniSALESIANO","article_published_time":"2024-08-08T11:05:15+00:00","author":"pastoral","twitter_card":"summary_large_image","twitter_misc":{"Escrito por":"pastoral","Est. tempo de leitura":"4 minutos"},"schema":{"@context":"https:\/\/schema.org","@graph":[{"@type":"Article","@id":"https:\/\/unisale.com.br\/novo\/18-08-a-minha-alma-engradece-ao-senhor\/#article","isPartOf":{"@id":"https:\/\/unisale.com.br\/novo\/18-08-a-minha-alma-engradece-ao-senhor\/"},"author":{"name":"pastoral","@id":"https:\/\/unisale.com.br\/pastoral\/#\/schema\/person\/a16ba711a0f7dec9cb6b44563144d5a3"},"headline":"18\/08 &#8211; A minha alma engradece ao Senhor&#8230;","datePublished":"2024-08-08T11:05:15+00:00","mainEntityOfPage":{"@id":"https:\/\/unisale.com.br\/novo\/18-08-a-minha-alma-engradece-ao-senhor\/"},"wordCount":875,"image":{"@id":"https:\/\/unisale.com.br\/novo\/18-08-a-minha-alma-engradece-ao-senhor\/#primaryimage"},"thumbnailUrl":"https:\/\/unisale.com.br\/pastoral\/wp-content\/uploads\/2024\/08\/download-14.jpeg","articleSection":["Reflex\u00e3o do Evangelho"],"inLanguage":"pt-BR"},{"@type":"WebPage","@id":"https:\/\/unisale.com.br\/novo\/18-08-a-minha-alma-engradece-ao-senhor\/","url":"https:\/\/unisale.com.br\/novo\/18-08-a-minha-alma-engradece-ao-senhor\/","name":"18\/08 - A minha alma engradece ao Senhor... - Pastoral Universit\u00e1ria UniSALESIANO","isPartOf":{"@id":"https:\/\/unisale.com.br\/pastoral\/#website"},"primaryImageOfPage":{"@id":"https:\/\/unisale.com.br\/novo\/18-08-a-minha-alma-engradece-ao-senhor\/#primaryimage"},"image":{"@id":"https:\/\/unisale.com.br\/novo\/18-08-a-minha-alma-engradece-ao-senhor\/#primaryimage"},"thumbnailUrl":"https:\/\/unisale.com.br\/pastoral\/wp-content\/uploads\/2024\/08\/download-14.jpeg","datePublished":"2024-08-08T11:05:15+00:00","author":{"@id":"https:\/\/unisale.com.br\/pastoral\/#\/schema\/person\/a16ba711a0f7dec9cb6b44563144d5a3"},"inLanguage":"pt-BR","potentialAction":[{"@type":"ReadAction","target":["https:\/\/unisale.com.br\/novo\/18-08-a-minha-alma-engradece-ao-senhor\/"]}]},{"@type":"ImageObject","inLanguage":"pt-BR","@id":"https:\/\/unisale.com.br\/novo\/18-08-a-minha-alma-engradece-ao-senhor\/#primaryimage","url":"https:\/\/unisale.com.br\/pastoral\/wp-content\/uploads\/2024\/08\/download-14.jpeg","contentUrl":"https:\/\/unisale.com.br\/pastoral\/wp-content\/uploads\/2024\/08\/download-14.jpeg","width":261,"height":193},{"@type":"WebSite","@id":"https:\/\/unisale.com.br\/pastoral\/#website","url":"https:\/\/unisale.com.br\/pastoral\/","name":"Pastoral Universit\u00e1ria UniSALESIANO","description":"Site da Pastoral Universit\u00e1ria do UniSALESIANO","potentialAction":[{"@type":"SearchAction","target":{"@type":"EntryPoint","urlTemplate":"https:\/\/unisale.com.br\/pastoral\/?s={search_term_string}"},"query-input":{"@type":"PropertyValueSpecification","valueRequired":true,"valueName":"search_term_string"}}],"inLanguage":"pt-BR"},{"@type":"Person","@id":"https:\/\/unisale.com.br\/pastoral\/#\/schema\/person\/a16ba711a0f7dec9cb6b44563144d5a3","name":"pastoral","url":"https:\/\/unisale.com.br\/pastoral\/author\/pastoral\/"}]}},"_links":{"self":[{"href":"https:\/\/unisale.com.br\/pastoral\/wp-json\/wp\/v2\/posts\/9637","targetHints":{"allow":["GET"]}}],"collection":[{"href":"https:\/\/unisale.com.br\/pastoral\/wp-json\/wp\/v2\/posts"}],"about":[{"href":"https:\/\/unisale.com.br\/pastoral\/wp-json\/wp\/v2\/types\/post"}],"author":[{"embeddable":true,"href":"https:\/\/unisale.com.br\/pastoral\/wp-json\/wp\/v2\/users\/1"}],"replies":[{"embeddable":true,"href":"https:\/\/unisale.com.br\/pastoral\/wp-json\/wp\/v2\/comments?post=9637"}],"version-history":[{"count":0,"href":"https:\/\/unisale.com.br\/pastoral\/wp-json\/wp\/v2\/posts\/9637\/revisions"}],"wp:featuredmedia":[{"embeddable":true,"href":"https:\/\/unisale.com.br\/pastoral\/wp-json\/wp\/v2\/media\/9638"}],"wp:attachment":[{"href":"https:\/\/unisale.com.br\/pastoral\/wp-json\/wp\/v2\/media?parent=9637"}],"wp:term":[{"taxonomy":"category","embeddable":true,"href":"https:\/\/unisale.com.br\/pastoral\/wp-json\/wp\/v2\/categories?post=9637"},{"taxonomy":"post_tag","embeddable":true,"href":"https:\/\/unisale.com.br\/pastoral\/wp-json\/wp\/v2\/tags?post=9637"}],"curies":[{"name":"wp","href":"https:\/\/api.w.org\/{rel}","templated":true}]}}