{"id":977,"date":"2021-05-04T17:23:09","date_gmt":"2021-05-04T17:23:09","guid":{"rendered":"https:\/\/unisale.com.br\/pastoral\/?p=977"},"modified":"2021-05-21T11:49:47","modified_gmt":"2021-05-21T11:49:47","slug":"o-servo","status":"publish","type":"post","link":"https:\/\/unisale.com.br\/pastoral\/o-servo\/","title":{"rendered":"08\/05 &#8211; &#8220;O servo n\u00e3o \u00e9 maior do que seu senhor&#8221;"},"content":{"rendered":"<p><strong>S\u00e1bado, 08 de maio de 2021.<\/strong><\/p>\n<p>Evangelho (Jo 15, 18-21)<\/p>\n<p>&nbsp;<\/p>\n<p><strong><em>&#8220;O servo n\u00e3o \u00e9 maior do que seu senhor&#8221;<\/em><\/strong><\/p>\n<p>Naquele tempo, disse Jesus aos seus disc\u00edpulos: <sup>18<\/sup>\u201cSe o mundo vos odeia, sabei que primeiro me odiou a mim. <sup>19<\/sup>Se f\u00f4sseis do mundo, o mundo gostaria daquilo que lhe pertence. Mas, porque n\u00e3o sois do mundo, porque eu vos escolhi e apartei do mundo, o mundo por isso vos odeia. <sup>20<\/sup>Lembrai-vos daquilo que eu vos disse: \u2018O servo n\u00e3o \u00e9 maior que seu senhor\u2019. Se me perseguiram a mim, tamb\u00e9m perseguir\u00e3o a v\u00f3s. Se guardaram a minha palavra, tamb\u00e9m guardar\u00e3o a vossa. <sup>21<\/sup>Tudo isto eles far\u00e3o contra v\u00f3s por causa do meu nome, porque n\u00e3o conhecem aquele que me enviou\u201d.<\/p>\n<p>&nbsp;<\/p>\n<p><strong>Reflex\u00e3o<\/strong><\/p>\n<p>Jesus ama os seus disc\u00edpulos porque permanecem ou perseveram Nele; o mundo os odeia pela mesma raz\u00e3o. Ali\u00e1s, o \u00f3dio implac\u00e1vel do mundo pelos amigos de Jesus \u00e9 o sinal da autenticidade dessa amizade. Pertencer a Jesus \u00e9 n\u00e3o pertencer ao mundo, e o mundo s\u00f3 pode amar o que lhe pertence.<\/p>\n<p>Este \u00f3dio do mundo para com os crist\u00e3os n\u00e3o \u00e9 um fen\u00f4meno passageiro. O mundo \u00e9 oposto a Deus e \u00e0 sua revela\u00e7\u00e3o. Este \u00f3dio do mundo para com os crist\u00e3os \u00e9 a rejei\u00e7\u00e3o ao pr\u00f3prio Jesus. O mundo odeia todos quantos n\u00e3o lhe pertencem. \u00c9 o pr\u00f3prio S\u00e3o Jo\u00e3o que reafirma este \u00f3dio do mundo para com os crist\u00e3os quando ele diz em sua primeira carta: \u201cmeus irm\u00e3os, n\u00e3o vos maravilheis se o mundo vos odeia\u201d (1Jo 3, 13). Como \u201cescolhidos\u201d, os disc\u00edpulos s\u00e3o portadores da palavra de Deus e est\u00e3o numa posi\u00e7\u00e3o dual\u00edstica com o mundo: \u201cDo mundo s\u00e3o, por isso falam do mundo, e o mundo os ouve. N\u00f3s somos de Deus; aquele que conhece a Deus ouve-nos; aquele que n\u00e3o \u00e9 de Deus n\u00e3o vos ouve\u201d (1Jo 4,5-6).<\/p>\n<p>O mundo representa tudo aquilo que \u00e9 pecado na nossa vida. Uma das caracter\u00edsticas de quem segue Jesus \u00e9 justamente esta luta contra o pecado. Jesus Ressuscitado \u00e9 luz que ilumina as trevas do mundo. S\u00e3o Jo\u00e3o Paulo II dizia: \u201cque esta luz nos torne fortes e capazes de aceitar a inteira verdade de Cristo e de ama-la muito mais de quanto a contradiz o mundo! Nem os crist\u00e3os e nem a Igreja podem seguir os modelos e os crit\u00e9rios do mundo. O crit\u00e9rio \u00fanico e definitivo \u00e9 Cristo\u201d. Jesus Cristo \u00e9 o mesmo ontem, hoje e sempre.<\/p>\n<p>&nbsp;<\/p>\n<p><strong>Pe. Paulo Eduardo J\u00e1como, sdb<\/strong><\/p>\n","protected":false},"excerpt":{"rendered":"<p>S\u00e1bado, 08 de maio de 2021. Evangelho (Jo 15, 18-21) &nbsp; &#8220;O servo n\u00e3o \u00e9 maior do que seu senhor&#8221; Naquele tempo, disse Jesus aos&#8230;<\/p>\n","protected":false},"author":1,"featured_media":926,"comment_status":"closed","ping_status":"open","sticky":false,"template":"","format":"standard","meta":{"_acf_changed":false,"footnotes":""},"categories":[13],"tags":[],"class_list":["post-977","post","type-post","status-publish","format-standard","has-post-thumbnail","hentry","category-reflexaodoevagelho"],"acf":[],"yoast_head":"<!-- This site is optimized with the Yoast SEO plugin v27.3 - https:\/\/yoast.com\/product\/yoast-seo-wordpress\/ -->\n<title>08\/05 - &quot;O servo n\u00e3o \u00e9 maior do que seu senhor&quot; - Pastoral Universit\u00e1ria UniSALESIANO<\/title>\n<meta name=\"robots\" content=\"index, follow, max-snippet:-1, max-image-preview:large, max-video-preview:-1\" \/>\n<link rel=\"canonical\" href=\"https:\/\/unisale.com.br\/novo\/o-servo\/\" \/>\n<meta property=\"og:locale\" content=\"pt_BR\" \/>\n<meta property=\"og:type\" content=\"article\" \/>\n<meta property=\"og:title\" content=\"08\/05 - &quot;O servo n\u00e3o \u00e9 maior do que seu senhor&quot; - Pastoral Universit\u00e1ria UniSALESIANO\" \/>\n<meta property=\"og:description\" content=\"S\u00e1bado, 08 de maio de 2021. Evangelho (Jo 15, 18-21) &nbsp; &#8220;O servo n\u00e3o \u00e9 maior do que seu senhor&#8221; Naquele tempo, disse Jesus aos...\" \/>\n<meta property=\"og:url\" content=\"https:\/\/unisale.com.br\/novo\/o-servo\/\" \/>\n<meta property=\"og:site_name\" content=\"Pastoral Universit\u00e1ria UniSALESIANO\" \/>\n<meta property=\"article:published_time\" content=\"2021-05-04T17:23:09+00:00\" \/>\n<meta property=\"article:modified_time\" content=\"2021-05-21T11:49:47+00:00\" \/>\n<meta property=\"og:image\" content=\"https:\/\/unisale.com.br\/novo\/wp-content\/uploads\/2021\/05\/jsijsi.png\" \/>\n\t<meta property=\"og:image:width\" content=\"1920\" \/>\n\t<meta property=\"og:image:height\" content=\"1080\" \/>\n\t<meta property=\"og:image:type\" content=\"image\/png\" \/>\n<meta name=\"author\" content=\"pastoral\" \/>\n<meta name=\"twitter:card\" content=\"summary_large_image\" \/>\n<meta name=\"twitter:label1\" content=\"Escrito por\" \/>\n\t<meta name=\"twitter:data1\" content=\"pastoral\" \/>\n\t<meta name=\"twitter:label2\" content=\"Est. tempo de leitura\" \/>\n\t<meta name=\"twitter:data2\" content=\"2 minutos\" \/>\n<script type=\"application\/ld+json\" class=\"yoast-schema-graph\">{\"@context\":\"https:\\\/\\\/schema.org\",\"@graph\":[{\"@type\":\"Article\",\"@id\":\"https:\\\/\\\/unisale.com.br\\\/novo\\\/o-servo\\\/#article\",\"isPartOf\":{\"@id\":\"https:\\\/\\\/unisale.com.br\\\/novo\\\/o-servo\\\/\"},\"author\":{\"name\":\"pastoral\",\"@id\":\"https:\\\/\\\/unisale.com.br\\\/pastoral\\\/#\\\/schema\\\/person\\\/a16ba711a0f7dec9cb6b44563144d5a3\"},\"headline\":\"08\\\/05 &#8211; &#8220;O servo n\u00e3o \u00e9 maior do que seu senhor&#8221;\",\"datePublished\":\"2021-05-04T17:23:09+00:00\",\"dateModified\":\"2021-05-21T11:49:47+00:00\",\"mainEntityOfPage\":{\"@id\":\"https:\\\/\\\/unisale.com.br\\\/novo\\\/o-servo\\\/\"},\"wordCount\":450,\"image\":{\"@id\":\"https:\\\/\\\/unisale.com.br\\\/novo\\\/o-servo\\\/#primaryimage\"},\"thumbnailUrl\":\"https:\\\/\\\/unisale.com.br\\\/pastoral\\\/wp-content\\\/uploads\\\/2021\\\/05\\\/jsijsi.png\",\"articleSection\":[\"Reflex\u00e3o do Evangelho\"],\"inLanguage\":\"pt-BR\"},{\"@type\":\"WebPage\",\"@id\":\"https:\\\/\\\/unisale.com.br\\\/novo\\\/o-servo\\\/\",\"url\":\"https:\\\/\\\/unisale.com.br\\\/novo\\\/o-servo\\\/\",\"name\":\"08\\\/05 - \\\"O servo n\u00e3o \u00e9 maior do que seu senhor\\\" - Pastoral Universit\u00e1ria UniSALESIANO\",\"isPartOf\":{\"@id\":\"https:\\\/\\\/unisale.com.br\\\/pastoral\\\/#website\"},\"primaryImageOfPage\":{\"@id\":\"https:\\\/\\\/unisale.com.br\\\/novo\\\/o-servo\\\/#primaryimage\"},\"image\":{\"@id\":\"https:\\\/\\\/unisale.com.br\\\/novo\\\/o-servo\\\/#primaryimage\"},\"thumbnailUrl\":\"https:\\\/\\\/unisale.com.br\\\/pastoral\\\/wp-content\\\/uploads\\\/2021\\\/05\\\/jsijsi.png\",\"datePublished\":\"2021-05-04T17:23:09+00:00\",\"dateModified\":\"2021-05-21T11:49:47+00:00\",\"author\":{\"@id\":\"https:\\\/\\\/unisale.com.br\\\/pastoral\\\/#\\\/schema\\\/person\\\/a16ba711a0f7dec9cb6b44563144d5a3\"},\"inLanguage\":\"pt-BR\",\"potentialAction\":[{\"@type\":\"ReadAction\",\"target\":[\"https:\\\/\\\/unisale.com.br\\\/novo\\\/o-servo\\\/\"]}]},{\"@type\":\"ImageObject\",\"inLanguage\":\"pt-BR\",\"@id\":\"https:\\\/\\\/unisale.com.br\\\/novo\\\/o-servo\\\/#primaryimage\",\"url\":\"https:\\\/\\\/unisale.com.br\\\/pastoral\\\/wp-content\\\/uploads\\\/2021\\\/05\\\/jsijsi.png\",\"contentUrl\":\"https:\\\/\\\/unisale.com.br\\\/pastoral\\\/wp-content\\\/uploads\\\/2021\\\/05\\\/jsijsi.png\",\"width\":889,\"height\":500},{\"@type\":\"WebSite\",\"@id\":\"https:\\\/\\\/unisale.com.br\\\/pastoral\\\/#website\",\"url\":\"https:\\\/\\\/unisale.com.br\\\/pastoral\\\/\",\"name\":\"Pastoral Universit\u00e1ria UniSALESIANO\",\"description\":\"Site da Pastoral Universit\u00e1ria do UniSALESIANO\",\"potentialAction\":[{\"@type\":\"SearchAction\",\"target\":{\"@type\":\"EntryPoint\",\"urlTemplate\":\"https:\\\/\\\/unisale.com.br\\\/pastoral\\\/?s={search_term_string}\"},\"query-input\":{\"@type\":\"PropertyValueSpecification\",\"valueRequired\":true,\"valueName\":\"search_term_string\"}}],\"inLanguage\":\"pt-BR\"},{\"@type\":\"Person\",\"@id\":\"https:\\\/\\\/unisale.com.br\\\/pastoral\\\/#\\\/schema\\\/person\\\/a16ba711a0f7dec9cb6b44563144d5a3\",\"name\":\"pastoral\",\"url\":\"https:\\\/\\\/unisale.com.br\\\/pastoral\\\/author\\\/pastoral\\\/\"}]}<\/script>\n<!-- \/ Yoast SEO plugin. -->","yoast_head_json":{"title":"08\/05 - \"O servo n\u00e3o \u00e9 maior do que seu senhor\" - Pastoral Universit\u00e1ria UniSALESIANO","robots":{"index":"index","follow":"follow","max-snippet":"max-snippet:-1","max-image-preview":"max-image-preview:large","max-video-preview":"max-video-preview:-1"},"canonical":"https:\/\/unisale.com.br\/novo\/o-servo\/","og_locale":"pt_BR","og_type":"article","og_title":"08\/05 - \"O servo n\u00e3o \u00e9 maior do que seu senhor\" - Pastoral Universit\u00e1ria UniSALESIANO","og_description":"S\u00e1bado, 08 de maio de 2021. Evangelho (Jo 15, 18-21) &nbsp; &#8220;O servo n\u00e3o \u00e9 maior do que seu senhor&#8221; Naquele tempo, disse Jesus aos...","og_url":"https:\/\/unisale.com.br\/novo\/o-servo\/","og_site_name":"Pastoral Universit\u00e1ria UniSALESIANO","article_published_time":"2021-05-04T17:23:09+00:00","article_modified_time":"2021-05-21T11:49:47+00:00","og_image":[{"width":1920,"height":1080,"url":"https:\/\/unisale.com.br\/novo\/wp-content\/uploads\/2021\/05\/jsijsi.png","type":"image\/png"}],"author":"pastoral","twitter_card":"summary_large_image","twitter_misc":{"Escrito por":"pastoral","Est. tempo de leitura":"2 minutos"},"schema":{"@context":"https:\/\/schema.org","@graph":[{"@type":"Article","@id":"https:\/\/unisale.com.br\/novo\/o-servo\/#article","isPartOf":{"@id":"https:\/\/unisale.com.br\/novo\/o-servo\/"},"author":{"name":"pastoral","@id":"https:\/\/unisale.com.br\/pastoral\/#\/schema\/person\/a16ba711a0f7dec9cb6b44563144d5a3"},"headline":"08\/05 &#8211; &#8220;O servo n\u00e3o \u00e9 maior do que seu senhor&#8221;","datePublished":"2021-05-04T17:23:09+00:00","dateModified":"2021-05-21T11:49:47+00:00","mainEntityOfPage":{"@id":"https:\/\/unisale.com.br\/novo\/o-servo\/"},"wordCount":450,"image":{"@id":"https:\/\/unisale.com.br\/novo\/o-servo\/#primaryimage"},"thumbnailUrl":"https:\/\/unisale.com.br\/pastoral\/wp-content\/uploads\/2021\/05\/jsijsi.png","articleSection":["Reflex\u00e3o do Evangelho"],"inLanguage":"pt-BR"},{"@type":"WebPage","@id":"https:\/\/unisale.com.br\/novo\/o-servo\/","url":"https:\/\/unisale.com.br\/novo\/o-servo\/","name":"08\/05 - \"O servo n\u00e3o \u00e9 maior do que seu senhor\" - Pastoral Universit\u00e1ria UniSALESIANO","isPartOf":{"@id":"https:\/\/unisale.com.br\/pastoral\/#website"},"primaryImageOfPage":{"@id":"https:\/\/unisale.com.br\/novo\/o-servo\/#primaryimage"},"image":{"@id":"https:\/\/unisale.com.br\/novo\/o-servo\/#primaryimage"},"thumbnailUrl":"https:\/\/unisale.com.br\/pastoral\/wp-content\/uploads\/2021\/05\/jsijsi.png","datePublished":"2021-05-04T17:23:09+00:00","dateModified":"2021-05-21T11:49:47+00:00","author":{"@id":"https:\/\/unisale.com.br\/pastoral\/#\/schema\/person\/a16ba711a0f7dec9cb6b44563144d5a3"},"inLanguage":"pt-BR","potentialAction":[{"@type":"ReadAction","target":["https:\/\/unisale.com.br\/novo\/o-servo\/"]}]},{"@type":"ImageObject","inLanguage":"pt-BR","@id":"https:\/\/unisale.com.br\/novo\/o-servo\/#primaryimage","url":"https:\/\/unisale.com.br\/pastoral\/wp-content\/uploads\/2021\/05\/jsijsi.png","contentUrl":"https:\/\/unisale.com.br\/pastoral\/wp-content\/uploads\/2021\/05\/jsijsi.png","width":889,"height":500},{"@type":"WebSite","@id":"https:\/\/unisale.com.br\/pastoral\/#website","url":"https:\/\/unisale.com.br\/pastoral\/","name":"Pastoral Universit\u00e1ria UniSALESIANO","description":"Site da Pastoral Universit\u00e1ria do UniSALESIANO","potentialAction":[{"@type":"SearchAction","target":{"@type":"EntryPoint","urlTemplate":"https:\/\/unisale.com.br\/pastoral\/?s={search_term_string}"},"query-input":{"@type":"PropertyValueSpecification","valueRequired":true,"valueName":"search_term_string"}}],"inLanguage":"pt-BR"},{"@type":"Person","@id":"https:\/\/unisale.com.br\/pastoral\/#\/schema\/person\/a16ba711a0f7dec9cb6b44563144d5a3","name":"pastoral","url":"https:\/\/unisale.com.br\/pastoral\/author\/pastoral\/"}]}},"_links":{"self":[{"href":"https:\/\/unisale.com.br\/pastoral\/wp-json\/wp\/v2\/posts\/977","targetHints":{"allow":["GET"]}}],"collection":[{"href":"https:\/\/unisale.com.br\/pastoral\/wp-json\/wp\/v2\/posts"}],"about":[{"href":"https:\/\/unisale.com.br\/pastoral\/wp-json\/wp\/v2\/types\/post"}],"author":[{"embeddable":true,"href":"https:\/\/unisale.com.br\/pastoral\/wp-json\/wp\/v2\/users\/1"}],"replies":[{"embeddable":true,"href":"https:\/\/unisale.com.br\/pastoral\/wp-json\/wp\/v2\/comments?post=977"}],"version-history":[{"count":0,"href":"https:\/\/unisale.com.br\/pastoral\/wp-json\/wp\/v2\/posts\/977\/revisions"}],"wp:featuredmedia":[{"embeddable":true,"href":"https:\/\/unisale.com.br\/pastoral\/wp-json\/wp\/v2\/media\/926"}],"wp:attachment":[{"href":"https:\/\/unisale.com.br\/pastoral\/wp-json\/wp\/v2\/media?parent=977"}],"wp:term":[{"taxonomy":"category","embeddable":true,"href":"https:\/\/unisale.com.br\/pastoral\/wp-json\/wp\/v2\/categories?post=977"},{"taxonomy":"post_tag","embeddable":true,"href":"https:\/\/unisale.com.br\/pastoral\/wp-json\/wp\/v2\/tags?post=977"}],"curies":[{"name":"wp","href":"https:\/\/api.w.org\/{rel}","templated":true}]}}